{"id":1570,"date":"2018-08-15T09:18:59","date_gmt":"2018-08-15T07:18:59","guid":{"rendered":"https:\/\/www.nabu-aachen.de\/?p=1570"},"modified":"2020-09-16T14:57:39","modified_gmt":"2020-09-16T12:57:39","slug":"fledermaeuse-in-der-wohnung","status":"publish","type":"post","link":"https:\/\/www.nabu-aachen.de\/en\/fledermaeuse-in-der-wohnung\/","title":{"rendered":"Flederm\u00e4use in der Wohnung"},"content":{"rendered":"<p>Der Sp\u00e4tsommer ist die Zeit der sogenannten &#8222;Fledermausinvasionen&#8220;. Bei uns gehen momentan wieder viele Anrufe besorgter Menschen ein, die Flederm\u00e4use in ihrer Wohnung entdecken. Dies ist jedoch kein Grund zur Panik.<br \/>\n<div id=\"attachment_1572\" style=\"width: 310px\" class=\"wp-caption alignleft\"><img loading=\"lazy\" decoding=\"async\" aria-describedby=\"caption-attachment-1572\" class=\"wp-image-1572 size-medium\" src=\"https:\/\/www.nabu-aachen.de\/wp-content\/uploads\/2018\/08\/zwergfledermaus-300x199.jpg\" alt=\"\" width=\"300\" height=\"199\" srcset=\"https:\/\/www.nabu-aachen.de\/wp-content\/uploads\/2018\/08\/zwergfledermaus-300x199.jpg 300w, https:\/\/www.nabu-aachen.de\/wp-content\/uploads\/2018\/08\/zwergfledermaus-1000x664.jpg 1000w, https:\/\/www.nabu-aachen.de\/wp-content\/uploads\/2018\/08\/zwergfledermaus.jpg 2000w, https:\/\/www.nabu-aachen.de\/wp-content\/uploads\/2018\/08\/zwergfledermaus-300x199@2x.jpg 600w\" sizes=\"auto, (max-width: 300px) 100vw, 300px\" \/><p id=\"caption-attachment-1572\" class=\"wp-caption-text\">Die Zwergfledermaus ist mit 4 cm K\u00f6rperl\u00e4nge unsere kleinste Fledermausart. Bislang sind Invasionen nur von dieser Art bekannt. Foto: NABU\/Eckhard Grimmberger.<\/p><\/div><\/p>\n<p>Es sind f\u00fcr gew\u00f6hnlich Zwergflederm\u00e4use, die in der Nacht durch ein ge\u00f6ffnetes oder gekipptes Fenster in die menschlichen Behausungen einfliegen. Dort suchen sie sich Verstecke, bspw. in Gardinen und Vorh\u00e4ngen, um den Tag zu verschlafen.\u00a0 Besonders die unerfahrenen Jungtiere suchen sich auf dem Weg in die Winterquartiere unsere Wohnungen als Zwischenquartiere aus. Manchmal dringen auf diese Weise auch ganze Gruppen der Fledertiere ein.<\/p>\n<p>Falls Sie Flederm\u00e4use in Ihrer Wohnung entdecken, bewahren Sie bitte <strong>Ruhe<\/strong>! Die Tiere sind vollkommen <strong>harmlos<\/strong>.\u00a0Vermeiden Sie es, die Tiere anzufassen oder sie aus ihrem Versteck zu verscheuchen, um ihnen unn\u00f6tigen Stress zu ersparen. <strong>\u00d6ffnen Sie einfach abends das Fenster weit<\/strong> und die Flederm\u00e4use verlassen von alleine das Zimmer. Wenn alle Tiere ausgeflogen sind, schlie\u00dfen Sie das Fenster wieder und halten es am besten die folgenden N\u00e4chte geschlossen, da die Tiere sonst zur\u00fcckkommen k\u00f6nnen; sie sind sehr ortstreu.\u00a0Es gibt auch die M\u00f6glichkeit, ein Insektenschutznetz per Klettverschluss an dem Fensterrahmen zu befestigen. Dieses Gaze-Netz kann man f\u00fcr wenig Geld in jedem gut sortierten Supermarkt kaufen und gerade im Sp\u00e4tsommer trotzdem bei offenem Fenster schlafen.<\/p>\n<p>Bitte \u00fcberzeugen Sie sich davon, dass alle Flederm\u00e4use den Raum verlassen haben und sich keine Tiere mehr hinter M\u00f6beln oder in anderen Verstecken aufhalten (bitte besonders in Vasen und anderen nach oben offenen Gef\u00e4\u00dfen nachschauen, da dies ansonsten t\u00f6dliche Fledermausfallen sein k\u00f6nnen!).<\/p>\n<p>Falls es doch einmal n\u00f6tig sein sollte, dass Sie die Zwergflederm\u00e4use aus Ihrer Wohnung bef\u00f6rdern m\u00fcssen, seien Sie behutsam, um die Tiere nicht zu verletzen und benutzen Sie Handschuhe oder ein Handtuch. Die Tiere haben Angst und k\u00f6nnen sich durch kr\u00e4ftiges Bei\u00dfen wehren.<\/p>\n<p>Flederm\u00e4use sind \u00fcbrigens nach dem Bundesnaturschutzgesetz besonders gesch\u00fctzt. D. h. es ist unter anderem untersagt, sie zu fangen, zu verletzen oder zu t\u00f6ten.<\/p>","protected":false},"excerpt":{"rendered":"<p>Der Sp\u00e4tsommer ist die Zeit der sogenannten &#8222;Fledermausinvasionen&#8220;. Bei uns gehen momentan wieder viele Anrufe besorgter Menschen ein, die Flederm\u00e4use in ihrer Wohnung entdecken. Dies ist jedoch kein Grund zur Panik. Es sind f\u00fcr&#46;&#46;&#46;<\/p>","protected":false},"author":3,"featured_media":1572,"comment_status":"closed","ping_status":"closed","sticky":false,"template":"","format":"standard","meta":{"_lmt_disableupdate":"","_lmt_disable":"","footnotes":""},"categories":[58,4],"tags":[],"class_list":["post-1570","post","type-post","status-publish","format-standard","has-post-thumbnail","hentry","category-fledermaeuse","category-tiere-pflanzen"],"modified_by":"Carina Zacharias","_links":{"self":[{"href":"https:\/\/www.nabu-aachen.de\/en\/wp-json\/wp\/v2\/posts\/1570","targetHints":{"allow":["GET"]}}],"collection":[{"href":"https:\/\/www.nabu-aachen.de\/en\/wp-json\/wp\/v2\/posts"}],"about":[{"href":"https:\/\/www.nabu-aachen.de\/en\/wp-json\/wp\/v2\/types\/post"}],"author":[{"embeddable":true,"href":"https:\/\/www.nabu-aachen.de\/en\/wp-json\/wp\/v2\/users\/3"}],"replies":[{"embeddable":true,"href":"https:\/\/www.nabu-aachen.de\/en\/wp-json\/wp\/v2\/comments?post=1570"}],"version-history":[{"count":14,"href":"https:\/\/www.nabu-aachen.de\/en\/wp-json\/wp\/v2\/posts\/1570\/revisions"}],"predecessor-version":[{"id":2123,"href":"https:\/\/www.nabu-aachen.de\/en\/wp-json\/wp\/v2\/posts\/1570\/revisions\/2123"}],"wp:featuredmedia":[{"embeddable":true,"href":"https:\/\/www.nabu-aachen.de\/en\/wp-json\/wp\/v2\/media\/1572"}],"wp:attachment":[{"href":"https:\/\/www.nabu-aachen.de\/en\/wp-json\/wp\/v2\/media?parent=1570"}],"wp:term":[{"taxonomy":"category","embeddable":true,"href":"https:\/\/www.nabu-aachen.de\/en\/wp-json\/wp\/v2\/categories?post=1570"},{"taxonomy":"post_tag","embeddable":true,"href":"https:\/\/www.nabu-aachen.de\/en\/wp-json\/wp\/v2\/tags?post=1570"}],"curies":[{"name":"wp","href":"https:\/\/api.w.org\/{rel}","templated":true}]}}