{"id":20,"date":"2017-08-22T20:50:59","date_gmt":"2017-08-22T18:50:59","guid":{"rendered":"http:\/\/www.nabu-aachen.de\/?p=20"},"modified":"2020-09-16T15:03:30","modified_gmt":"2020-09-16T13:03:30","slug":"beitrag-umweltbildung","status":"publish","type":"post","link":"https:\/\/www.nabu-aachen.de\/en\/beitrag-umweltbildung\/","title":{"rendered":"Siebtes NABU-Sommerferiencamp"},"content":{"rendered":"<p><strong>Roetgen. Auf einer gro\u00dfen Wiese zwischen Spielplatz, Wald, Bach, Zirkuszelt und K\u00fcchenhaus haben sie ihr Camp aufgeschlagen: Die 31 Teilnehmer und sechs Betreuer des beliebten NABU-Sommerferiencamps.<\/strong><\/p>\n<p>Schon zum siebten Mal in Folge konnten sich Kinder zwischen sechs und zw\u00f6lf Jahren f\u00fcr f\u00fcnf Tage voller Spiel, Spa\u00df und Naturerfahrung anmelden, und zum dritten Mal findet das Feriencamp auf dem Familien- und Jugendbildungshof Auenland Mulartsh\u00fctte in Roetgen statt. Doch auch \u00e4ltere Kinder d\u00fcrfen teilnehmen, wenn sie in den vergangenen Jahren schon einmal dabei waren \u2013 ein Angebot, das gerne angenommen wird. Die 15 Jahre alte Isabelle ist sogar schon zum vierten Mal dabei: \u201eIch finde die Spiele immer witzig und die Leute hier sind voll nett. Auf jeden Fall besser als allein Zuhause zu sitzen!\u201c<\/p>\n<div class=\"image-page\">\n<div style=\"width: 430px\" class=\"wp-caption aligncenter\"><img loading=\"lazy\" decoding=\"async\" src=\"https:\/\/www.nabu-aachen.de\/files\/images\/Feriencamp_2017.jpg\" alt=\"\" width=\"420\" height=\"280\" \/><p class=\"wp-caption-text\">Auch das geh\u00f6rt dazu: Einteilung zum K\u00fcchendienst. Foto: NABU\/ Carina Zacharias<\/p><\/div>\n<\/div>\n<p>Nach einem Kennenlernspiel am ersten Tag wird erst einmal das Gel\u00e4nde erkundet. Daf\u00fcr hat Betreuerin Monika Neli\u00dfen Puzzleteile auf dem ganzen Hof versteckt. Mithilfe eines Luftbildes und Foto-Hinweisen m\u00fcssen die Teile gesucht und zusammengesetzt werden. Hier ist echte Teamarbeit gefragt! Doch das ist kein Problem f\u00fcr die aufgeweckten Kids, die gleich in Gruppen ausschw\u00e4rmen, um die Herausforderung anzunehmen.<\/p>\n<div class=\"image-page\">\n<div style=\"width: 430px\" class=\"wp-caption aligncenter\"><img loading=\"lazy\" decoding=\"async\" src=\"https:\/\/www.nabu-aachen.de\/files\/images\/Feriencamp_2017_2.jpg\" alt=\"\" width=\"420\" height=\"280\" \/><p class=\"wp-caption-text\">Monika Neli\u00dfen (rechts) und Kinder beim Puzzle-Spiel. Foto: NABU\/Carina Zacharias<\/p><\/div>\n<\/div>\n<p>Eine Betreuerin, die 19-j\u00e4hrige Luise, war als Kind selbst schon einige Male dabei. Sie und die anderen Camp-Leiter von den Pfadfindern und dem NABU-Stadtverband Aachen werden von Montag bis Freitag daf\u00fcr sorgen, dass es nicht langweilig wird: Die Tage sind ausgef\u00fcllt mit Spazierg\u00e4ngen, Nachtwanderungen, R\u00e4tseln, Spielen, Lagerfeuermachen, Kugelbahnbauen, Klettern, Basteln und vielem mehr.<\/p>\n<p>Die NABU-Sommerferiencamps finden einmal j\u00e4hrlich in den Sommerferien statt. Bei Interesse wenden Sie sich bitte an den NABU-Stadtverband Aachen e.V.<\/p>","protected":false},"excerpt":{"rendered":"<p>Roetgen. Auf einer gro\u00dfen Wiese zwischen Spielplatz, Wald, Bach, Zirkuszelt und K\u00fcchenhaus haben sie ihr Camp aufgeschlagen: Die 31 Teilnehmer und sechs Betreuer des beliebten NABU-Sommerferiencamps. Schon zum siebten Mal in Folge konnten sich&#46;&#46;&#46;<\/p>","protected":false},"author":1,"featured_media":180,"comment_status":"closed","ping_status":"closed","sticky":false,"template":"","format":"standard","meta":{"_lmt_disableupdate":"","_lmt_disable":"","footnotes":""},"categories":[79,8],"tags":[],"class_list":["post-20","post","type-post","status-publish","format-standard","has-post-thumbnail","hentry","category-sommerferiencamps","category-umweltbildung"],"modified_by":"Carina Zacharias","_links":{"self":[{"href":"https:\/\/www.nabu-aachen.de\/en\/wp-json\/wp\/v2\/posts\/20","targetHints":{"allow":["GET"]}}],"collection":[{"href":"https:\/\/www.nabu-aachen.de\/en\/wp-json\/wp\/v2\/posts"}],"about":[{"href":"https:\/\/www.nabu-aachen.de\/en\/wp-json\/wp\/v2\/types\/post"}],"author":[{"embeddable":true,"href":"https:\/\/www.nabu-aachen.de\/en\/wp-json\/wp\/v2\/users\/1"}],"replies":[{"embeddable":true,"href":"https:\/\/www.nabu-aachen.de\/en\/wp-json\/wp\/v2\/comments?post=20"}],"version-history":[{"count":11,"href":"https:\/\/www.nabu-aachen.de\/en\/wp-json\/wp\/v2\/posts\/20\/revisions"}],"predecessor-version":[{"id":1651,"href":"https:\/\/www.nabu-aachen.de\/en\/wp-json\/wp\/v2\/posts\/20\/revisions\/1651"}],"wp:featuredmedia":[{"embeddable":true,"href":"https:\/\/www.nabu-aachen.de\/en\/wp-json\/wp\/v2\/media\/180"}],"wp:attachment":[{"href":"https:\/\/www.nabu-aachen.de\/en\/wp-json\/wp\/v2\/media?parent=20"}],"wp:term":[{"taxonomy":"category","embeddable":true,"href":"https:\/\/www.nabu-aachen.de\/en\/wp-json\/wp\/v2\/categories?post=20"},{"taxonomy":"post_tag","embeddable":true,"href":"https:\/\/www.nabu-aachen.de\/en\/wp-json\/wp\/v2\/tags?post=20"}],"curies":[{"name":"wp","href":"https:\/\/api.w.org\/{rel}","templated":true}]}}