{"id":2326,"date":"2019-09-04T13:54:36","date_gmt":"2019-09-04T11:54:36","guid":{"rendered":"https:\/\/www.nabu-aachen.de\/?p=2326"},"modified":"2020-09-16T14:18:21","modified_gmt":"2020-09-16T12:18:21","slug":"amselsterben-in-nrw","status":"publish","type":"post","link":"https:\/\/www.nabu-aachen.de\/en\/amselsterben-in-nrw\/","title":{"rendered":"Amselsterben in NRW"},"content":{"rendered":"<p>Seit 2011 breitet sich das Usutu-Virus zunehmend in Deutschland aus. F\u00fcr Nordrhein-Westfalen wurde erstmals 2012 ein zweifelsfreier Usutu-Nachweis gef\u00fchrt. Damals war eine tote Amsel aus Siegen mit dem Virus infiziert. Nach l\u00e4ngerer Pause haben Amseln seit 2016 auch landesweit wieder mit einem erneuten Ausbruch der Infektion zu k\u00e4mpfen.<\/p>\n<div id=\"attachment_2328\" style=\"width: 310px\" class=\"wp-caption alignright\"><img loading=\"lazy\" decoding=\"async\" aria-describedby=\"caption-attachment-2328\" class=\"size-medium wp-image-2328\" src=\"https:\/\/www.nabu-aachen.de\/wp-content\/uploads\/2019\/09\/vom-usutu-virus-befallene-amsel-300x199.jpg\" alt=\"\" width=\"300\" height=\"199\" srcset=\"https:\/\/www.nabu-aachen.de\/wp-content\/uploads\/2019\/09\/vom-usutu-virus-befallene-amsel-300x199.jpg 300w, https:\/\/www.nabu-aachen.de\/wp-content\/uploads\/2019\/09\/vom-usutu-virus-befallene-amsel-1000x663.jpg 1000w, https:\/\/www.nabu-aachen.de\/wp-content\/uploads\/2019\/09\/vom-usutu-virus-befallene-amsel.jpg 2000w, https:\/\/www.nabu-aachen.de\/wp-content\/uploads\/2019\/09\/vom-usutu-virus-befallene-amsel-300x199@2x.jpg 600w\" sizes=\"auto, (max-width: 300px) 100vw, 300px\" \/><p id=\"caption-attachment-2328\" class=\"wp-caption-text\">Erkrankte Amsel<\/p><\/div>\n<p>In Aachen gibt es bisher nur Verdachtsf\u00e4lle, da der Erreger nicht zweifelsfrei nachgewiesen wurde. Um die tats\u00e4chliche Ausbreitung des Virus dokumentieren zu k\u00f6nnen, ist es wichtig, m\u00f6glichst viele Verdachtsf\u00e4lle im Labor best\u00e4tigen zu k\u00f6nnen. Daher wird die Bev\u00f6lkerung gebeten, Totfunde dem Bernhard-Nocht-Institut (BNI) in Hamburg zur Untersuchung zur Verf\u00fcgung zu stellen. Dabei sollte die Meldung kranker oder toter Tiere m\u00f6glichst mit genauen Angaben zu Fundort, Funddatum und den n\u00e4heren Umst\u00e4nden des Fundes erfolgen. Diese Angaben k\u00f6nnen Sie auf der Seite des NABU-Bundesverbandes machen: <a href=\"https:\/\/nrw.nabu.de\/tiere-und-pflanzen\/voegel\/helfen\/amselsterben.html\" target=\"_blank\" rel=\"noopener noreferrer\">https:\/\/nrw.nabu.de\/tiere-und-pflanzen\/voegel\/helfen\/amselsterben.html<\/a><\/p>\n<p>Tote V\u00f6gel sollten baldm\u00f6glichst eingesammelt und frischtot eingeschickt werden. Dabei sollten folgende Punkte ber\u00fccksichtigt werden:<\/p>\n<ul>\n<li>Obwohl nach aktuellem Wissenstand keine Infektionsgefahr von den V\u00f6geln ausgeht, wird zum Hantieren mit toten V\u00f6geln das Verwenden von Handschuhen oder einer umgest\u00fclpten Plastikt\u00fcte sowie eine anschlie\u00dfende H\u00e4ndereinigung empfohlen.<\/li>\n<li>Idealerweise sollten die V\u00f6gel mit einem Tiefk\u00fchlakku versehen (nicht einfrieren) und gut gepolstert versendet werden. In den Sommermonaten ist eine Isolation mit Styropor sinnvoll.<\/li>\n<li>Ein Begleitschreiben mit der Angabe von dem Fundort, Funddatum und dem Absender sollte nat\u00fcrlich nicht fehlen.<\/li>\n<\/ul>\n<p>In Aachen besteht die M\u00f6glichkeit die toten V\u00f6gel beim Amt f\u00fcr Verbraucherschutz, Tierschutz und Veterin\u00e4rwesen der St\u00e4dteregion Aachen <strong>nach telefonischer Anmeldung<\/strong> abzugeben.\u00a0 Das Veterin\u00e4ramt ist wie folgt zu erreichen:<\/p>\n<ul>\n<li>Carlo-Schmid-Stra\u00dfe 4, 52146 W\u00fcrselen<\/li>\n<li>Tel.: 0241-5198-0<\/li>\n<li>Email: vetamt@staedteregion-aachen.de<\/li>\n<li><strong>\u00d6ffnungszeiten:<\/strong> montags bis donnerstags von 08:00 Uhr bis 16:00 Uhr sowie freitags von 08:00 Uhr bis 12:00 Uhr<\/li>\n<\/ul>\n<div id=\"c1298\"><\/div>\n<div id=\"c1301\">\n<div class=\"ce-textpic ce-center ce-above\">\n<div class=\"ce-bodytext\"><\/div>\n<\/div>\n<\/div>\n<p>&nbsp;<\/p>\n<p>&nbsp;<\/p>","protected":false},"excerpt":{"rendered":"<p>Seit 2011 breitet sich das Usutu-Virus zunehmend in Deutschland aus. F\u00fcr Nordrhein-Westfalen wurde erstmals 2012 ein zweifelsfreier Usutu-Nachweis gef\u00fchrt. Damals war eine tote Amsel aus Siegen mit dem Virus infiziert. Nach l\u00e4ngerer Pause haben&#46;&#46;&#46;<\/p>","protected":false},"author":4,"featured_media":2328,"comment_status":"closed","ping_status":"closed","sticky":false,"template":"","format":"standard","meta":{"_lmt_disableupdate":"","_lmt_disable":"","footnotes":""},"categories":[75,28],"tags":[],"class_list":["post-2326","post","type-post","status-publish","format-standard","has-post-thumbnail","hentry","category-ak-ornithologie","category-archiv"],"modified_by":"Carina Zacharias","_links":{"self":[{"href":"https:\/\/www.nabu-aachen.de\/en\/wp-json\/wp\/v2\/posts\/2326","targetHints":{"allow":["GET"]}}],"collection":[{"href":"https:\/\/www.nabu-aachen.de\/en\/wp-json\/wp\/v2\/posts"}],"about":[{"href":"https:\/\/www.nabu-aachen.de\/en\/wp-json\/wp\/v2\/types\/post"}],"author":[{"embeddable":true,"href":"https:\/\/www.nabu-aachen.de\/en\/wp-json\/wp\/v2\/users\/4"}],"replies":[{"embeddable":true,"href":"https:\/\/www.nabu-aachen.de\/en\/wp-json\/wp\/v2\/comments?post=2326"}],"version-history":[{"count":3,"href":"https:\/\/www.nabu-aachen.de\/en\/wp-json\/wp\/v2\/posts\/2326\/revisions"}],"predecessor-version":[{"id":2330,"href":"https:\/\/www.nabu-aachen.de\/en\/wp-json\/wp\/v2\/posts\/2326\/revisions\/2330"}],"wp:featuredmedia":[{"embeddable":true,"href":"https:\/\/www.nabu-aachen.de\/en\/wp-json\/wp\/v2\/media\/2328"}],"wp:attachment":[{"href":"https:\/\/www.nabu-aachen.de\/en\/wp-json\/wp\/v2\/media?parent=2326"}],"wp:term":[{"taxonomy":"category","embeddable":true,"href":"https:\/\/www.nabu-aachen.de\/en\/wp-json\/wp\/v2\/categories?post=2326"},{"taxonomy":"post_tag","embeddable":true,"href":"https:\/\/www.nabu-aachen.de\/en\/wp-json\/wp\/v2\/tags?post=2326"}],"curies":[{"name":"wp","href":"https:\/\/api.w.org\/{rel}","templated":true}]}}