{"id":2349,"date":"2019-10-02T13:53:02","date_gmt":"2019-10-02T11:53:02","guid":{"rendered":"https:\/\/www.nabu-aachen.de\/?p=2349"},"modified":"2020-09-16T14:17:59","modified_gmt":"2020-09-16T12:17:59","slug":"wo-kaiser-wilhelm-auf-suffolk-schafe-trifft","status":"publish","type":"post","link":"https:\/\/www.nabu-aachen.de\/en\/wo-kaiser-wilhelm-auf-suffolk-schafe-trifft\/","title":{"rendered":"Wo Kaiser Wilhelm auf Suffolk-Schafe trifft"},"content":{"rendered":"<p><strong>11. Aachener Obstwiesenfest ein voller Erfolg<\/strong><\/p>\n<p><img loading=\"lazy\" decoding=\"async\" class=\"size-medium wp-image-2352 alignleft\" src=\"https:\/\/www.nabu-aachen.de\/wp-content\/uploads\/2019\/10\/dsc00095-300x225.jpg\" alt=\"\" width=\"300\" height=\"225\" srcset=\"https:\/\/www.nabu-aachen.de\/wp-content\/uploads\/2019\/10\/dsc00095-300x225.jpg 300w, https:\/\/www.nabu-aachen.de\/wp-content\/uploads\/2019\/10\/dsc00095-1000x750.jpg 1000w, https:\/\/www.nabu-aachen.de\/wp-content\/uploads\/2019\/10\/dsc00095.jpg 2000w, https:\/\/www.nabu-aachen.de\/wp-content\/uploads\/2019\/10\/dsc00095-300x225@2x.jpg 600w\" sizes=\"auto, (max-width: 300px) 100vw, 300px\" \/><strong>Aachen \/ St\u00e4dteRegion<\/strong> \u2013 Rund 2.000 Besucherinnen und Besucher trotzten dem teils st\u00fcrmischen Wetter beim 11. Aachener Obstwiesenfest. Ab 11 Uhr erwartete die Besucher eine Vielzahl von Angeboten und Aktionen rund um das Thema Streuobstwiese. So konnten Kinder bei einer Rallye ihr Wissen \u00fcber das Obstwiesenfest testen und mit der Handpresse Apfelsaft mit eigener Muskelkraft selbst herstellen. Sch\u00e4fer zeigten mit ihren H\u00fctehunden und den Suffolk-Schafen ihr K\u00f6nnen. Ein Experte bestimmte mitgebrachte Obstsorten wie den Apfel Kaiser Wilhelm oder die M\u00fcnsterbirne. Bei einer Kutschfahrt konnten sich die Besucher die Streuobstwiesen im Vaalserquartier ansehen. F\u00fcr das leibliche Wohl sorgten u. a. die Solidarische Landwirtschaft und die Laurensberger Landfrauen. So gab es neben frisch gepresstem Saft weitere leckere Bioprodukte zum direkten Verzehr wie Kuchen, herzhafte Waffeln, Apfelpfannkuchen und Reibekuchen sowie regionale Produkte zum Mitnehmen wie Honig, K\u00e4se, Lammfleisch, Gem\u00fcse und Obst.<\/p>\n<p>Der NABU Aachen und die NABU-Naturschutzstation organisierten das Fest gemeinsam mit Stadt und St\u00e4dteRegion Aachen sowie der Biologischen Station St\u00e4dteRegion Aachen. Und da das Aachener Streuobstwiesenfest auf eine lange Tradition \u2013 seit 1999 \u2013 zur\u00fcckblicken kann, hatte es sich Oberb\u00fcrgermeister Marcel Philipp nicht nehmen lassen, die Schirmherrschaft zu \u00fcbernehmen.<\/p>\n<p><img loading=\"lazy\" decoding=\"async\" class=\"size-medium wp-image-2355 alignright\" src=\"https:\/\/www.nabu-aachen.de\/wp-content\/uploads\/2019\/10\/dsc00059-300x225.jpg\" alt=\"\" width=\"300\" height=\"225\" srcset=\"https:\/\/www.nabu-aachen.de\/wp-content\/uploads\/2019\/10\/dsc00059-300x225.jpg 300w, https:\/\/www.nabu-aachen.de\/wp-content\/uploads\/2019\/10\/dsc00059-1000x750.jpg 1000w, https:\/\/www.nabu-aachen.de\/wp-content\/uploads\/2019\/10\/dsc00059.jpg 2000w, https:\/\/www.nabu-aachen.de\/wp-content\/uploads\/2019\/10\/dsc00059-300x225@2x.jpg 600w\" sizes=\"auto, (max-width: 300px) 100vw, 300px\" \/>Offiziell er\u00f6ffnete Dr. Margrethe Schmeer, B\u00fcrgermeisterin der Stadt Aachen das Fest. Sie dankte den Veranstaltern und den rund 20 Ausstellern f\u00fcr ihr Engagement im Streuobstwiesenschutz. Dr. Manfred Aletsee, Gesch\u00e4ftsf\u00fchrer der NABU-Naturschutzstation, moderierte die Veranstaltung. \u201eWir m\u00f6chten mit dem Obstwiesenfest auf die besondere Bedeutung und den Wert der Streuobstwiesen f\u00fcr die Landschaft und die Biodiversit\u00e4t aufmerksam machen\u201c, so Dr. Aletsee. Claus Mayr, 1. Vorsitzender des NABU Aachen, wies darauf hin, dass der Bestand der Streuobstwiesen in Aachen alleine in den letzten 11 Jahren um fast 30 Prozent zur\u00fcckgegangen sei. Der Bestand des Steinkauzes, einer Charakterart dieses Lebensraums, ging in den letzten 22 Jahren um fast 50 Prozent zur\u00fcck. Bei der anschlie\u00dfenden Pflanzung eines Apfelbaumes der Sorte Aachener Hausapfel lud der NABU alle Interessierten ein, sich k\u00fcnftig an den Obstbaumpflanzungen des NABU zu beteiligen.<\/p>\n<p><img loading=\"lazy\" decoding=\"async\" class=\"size-medium wp-image-2351 alignleft\" src=\"https:\/\/www.nabu-aachen.de\/wp-content\/uploads\/2019\/10\/11acobstwiesenfest_maletsee_04_ba-300x238.jpg\" alt=\"\" width=\"300\" height=\"238\" srcset=\"https:\/\/www.nabu-aachen.de\/wp-content\/uploads\/2019\/10\/11acobstwiesenfest_maletsee_04_ba-300x238.jpg 300w, https:\/\/www.nabu-aachen.de\/wp-content\/uploads\/2019\/10\/11acobstwiesenfest_maletsee_04_ba-1000x793.jpg 1000w, https:\/\/www.nabu-aachen.de\/wp-content\/uploads\/2019\/10\/11acobstwiesenfest_maletsee_04_ba.jpg 1986w, https:\/\/www.nabu-aachen.de\/wp-content\/uploads\/2019\/10\/11acobstwiesenfest_maletsee_04_ba-300x238@2x.jpg 600w\" sizes=\"auto, (max-width: 300px) 100vw, 300px\" \/>Teilnehmende Vereine und Organisationen waren in diesem Jahr: NABU-Stadtverband Aachen e. V., NABU-Naturschutzstation Aachen e. V., Stadt Aachen, St\u00e4dteRegion Aachen, Biologische Station St\u00e4dteRegion Aachen e. V., Baumschule Plum, Bienenfreunde Euregio Aachen, Bine e. V., Biohof Zinzen, Galabau Sequioa, \u00d6kologie-Zentrum Aachen e.V., Stiftung Rheinische Kulturlandschaft, Freundeskreis Botanischer Garten e. V., Garten AC, Sozialwerk Aachener Christen, Sch\u00e4ferei Brandt, Karolusmanufaktur, Korbflechterin Marlijn Meijs, Kleiber Kutschenfahrten, Pomologische Genootschap Limburg, Radentscheid Aachen, Hofladen Walmanns Baesweiler, Feuer &amp; Eis, Slow Food Aachen und Landfrauen Laurensberg.<\/p>\n<p>Das Fest wurde auf Gut Wegscheid in Vaalserquartier gefeiert, das mit seinen angrenzenden Streuobstwiesen und seinen alten Esskastanienb\u00e4umen einen wunderbaren Rahmen bot. Und weil das Wetter in Aachen doch gar nicht so schlecht ist, wie sein Ruf, schien kurz vor dem Ende der Veranstaltung dann doch noch die Sonne.<\/p>\n<p><img loading=\"lazy\" decoding=\"async\" class=\"size-medium wp-image-2354 aligncenter\" src=\"https:\/\/www.nabu-aachen.de\/wp-content\/uploads\/2019\/10\/dsc00102-300x66.jpg\" alt=\"\" width=\"300\" height=\"66\" srcset=\"https:\/\/www.nabu-aachen.de\/wp-content\/uploads\/2019\/10\/dsc00102-300x66.jpg 300w, https:\/\/www.nabu-aachen.de\/wp-content\/uploads\/2019\/10\/dsc00102-1000x220.jpg 1000w, https:\/\/www.nabu-aachen.de\/wp-content\/uploads\/2019\/10\/dsc00102.jpg 2000w, https:\/\/www.nabu-aachen.de\/wp-content\/uploads\/2019\/10\/dsc00102-300x66@2x.jpg 600w\" sizes=\"auto, (max-width: 300px) 100vw, 300px\" \/><\/p>\n<p>Ein herzliches Dankesch\u00f6n f\u00fcr die Unterst\u00fctzung geht an: \u00a0Bezirksvertretung Laurensberg, Aachener Stiftung Kathy Beys, BSR Schotterwerk GmbH, Heizungs- und Klimatechnik Theodor MAHR &amp; S\u00f6hne GmbH, Baumschule Plum, Firma Elmar Kohl, Rita Jeske, gabco, Sparkasse Aachen, STAWAG.<\/p>","protected":false},"excerpt":{"rendered":"<p>11. Aachener Obstwiesenfest ein voller Erfolg Aachen \/ St\u00e4dteRegion \u2013 Rund 2.000 Besucherinnen und Besucher trotzten dem teils st\u00fcrmischen Wetter beim 11. Aachener Obstwiesenfest. Ab 11 Uhr erwartete die Besucher eine Vielzahl von Angeboten&#46;&#46;&#46;<\/p>","protected":false},"author":4,"featured_media":2355,"comment_status":"closed","ping_status":"closed","sticky":false,"template":"","format":"standard","meta":{"_lmt_disableupdate":"","_lmt_disable":"","footnotes":""},"categories":[54,28],"tags":[],"class_list":["post-2349","post","type-post","status-publish","format-standard","has-post-thumbnail","hentry","category-obstwiesen","category-archiv"],"modified_by":"Carina Zacharias","_links":{"self":[{"href":"https:\/\/www.nabu-aachen.de\/en\/wp-json\/wp\/v2\/posts\/2349","targetHints":{"allow":["GET"]}}],"collection":[{"href":"https:\/\/www.nabu-aachen.de\/en\/wp-json\/wp\/v2\/posts"}],"about":[{"href":"https:\/\/www.nabu-aachen.de\/en\/wp-json\/wp\/v2\/types\/post"}],"author":[{"embeddable":true,"href":"https:\/\/www.nabu-aachen.de\/en\/wp-json\/wp\/v2\/users\/4"}],"replies":[{"embeddable":true,"href":"https:\/\/www.nabu-aachen.de\/en\/wp-json\/wp\/v2\/comments?post=2349"}],"version-history":[{"count":6,"href":"https:\/\/www.nabu-aachen.de\/en\/wp-json\/wp\/v2\/posts\/2349\/revisions"}],"predecessor-version":[{"id":3041,"href":"https:\/\/www.nabu-aachen.de\/en\/wp-json\/wp\/v2\/posts\/2349\/revisions\/3041"}],"wp:featuredmedia":[{"embeddable":true,"href":"https:\/\/www.nabu-aachen.de\/en\/wp-json\/wp\/v2\/media\/2355"}],"wp:attachment":[{"href":"https:\/\/www.nabu-aachen.de\/en\/wp-json\/wp\/v2\/media?parent=2349"}],"wp:term":[{"taxonomy":"category","embeddable":true,"href":"https:\/\/www.nabu-aachen.de\/en\/wp-json\/wp\/v2\/categories?post=2349"},{"taxonomy":"post_tag","embeddable":true,"href":"https:\/\/www.nabu-aachen.de\/en\/wp-json\/wp\/v2\/tags?post=2349"}],"curies":[{"name":"wp","href":"https:\/\/api.w.org\/{rel}","templated":true}]}}