{"id":2559,"date":"2020-03-16T10:30:35","date_gmt":"2020-03-16T09:30:35","guid":{"rendered":"https:\/\/www.nabu-aachen.de\/?p=2559"},"modified":"2020-11-03T14:07:23","modified_gmt":"2020-11-03T13:07:23","slug":"wichtiger-hinweis","status":"publish","type":"post","link":"https:\/\/www.nabu-aachen.de\/en\/wichtiger-hinweis\/","title":{"rendered":"Wichtiger Hinweis"},"content":{"rendered":"<p>Sehr geehrte Damen und Herren, liebe BesucherInnen dieser Homepage, liebe Mitglieder,<\/p>\n<p>aufgrund der derzeit exponentiell steigenden Zahl best\u00e4tigter Corona-F\u00e4lle und der entsprechenden Empfehlungen von Virologen und Beh\u00f6rden bitten wir um Verst\u00e4ndnis, dass eventuell einige der hier angek\u00fcndigten Veranstaltungen kurzfristig abgesagt werden m\u00fcssen! Die aktuellen Termine und eventuellen Absagen entnehmen sie bitte den Terminhinweisen auf dieser Homepage.<\/p>\n<p>Ihr NABU-Stadtverband Aachen e.V.<\/p>","protected":false},"excerpt":{"rendered":"<p>Sehr geehrte Damen und Herren, liebe BesucherInnen dieser Homepage, liebe Mitglieder, aufgrund der derzeit exponentiell steigenden Zahl best\u00e4tigter Corona-F\u00e4lle und der entsprechenden Empfehlungen von Virologen und Beh\u00f6rden bitten wir um Verst\u00e4ndnis, dass eventuell einige&#46;&#46;&#46;<\/p>","protected":false},"author":4,"featured_media":0,"comment_status":"closed","ping_status":"closed","sticky":false,"template":"","format":"standard","meta":{"_lmt_disableupdate":"","_lmt_disable":"","footnotes":""},"categories":[28],"tags":[],"class_list":["post-2559","post","type-post","status-publish","format-standard","hentry","category-archiv"],"modified_by":"Ulrich Schwenk","_links":{"self":[{"href":"https:\/\/www.nabu-aachen.de\/en\/wp-json\/wp\/v2\/posts\/2559","targetHints":{"allow":["GET"]}}],"collection":[{"href":"https:\/\/www.nabu-aachen.de\/en\/wp-json\/wp\/v2\/posts"}],"about":[{"href":"https:\/\/www.nabu-aachen.de\/en\/wp-json\/wp\/v2\/types\/post"}],"author":[{"embeddable":true,"href":"https:\/\/www.nabu-aachen.de\/en\/wp-json\/wp\/v2\/users\/4"}],"replies":[{"embeddable":true,"href":"https:\/\/www.nabu-aachen.de\/en\/wp-json\/wp\/v2\/comments?post=2559"}],"version-history":[{"count":1,"href":"https:\/\/www.nabu-aachen.de\/en\/wp-json\/wp\/v2\/posts\/2559\/revisions"}],"predecessor-version":[{"id":2561,"href":"https:\/\/www.nabu-aachen.de\/en\/wp-json\/wp\/v2\/posts\/2559\/revisions\/2561"}],"wp:attachment":[{"href":"https:\/\/www.nabu-aachen.de\/en\/wp-json\/wp\/v2\/media?parent=2559"}],"wp:term":[{"taxonomy":"category","embeddable":true,"href":"https:\/\/www.nabu-aachen.de\/en\/wp-json\/wp\/v2\/categories?post=2559"},{"taxonomy":"post_tag","embeddable":true,"href":"https:\/\/www.nabu-aachen.de\/en\/wp-json\/wp\/v2\/tags?post=2559"}],"curies":[{"name":"wp","href":"https:\/\/api.w.org\/{rel}","templated":true}]}}