{"id":2664,"date":"2020-04-06T17:32:51","date_gmt":"2020-04-06T15:32:51","guid":{"rendered":"https:\/\/www.nabu-aachen.de\/?p=2664"},"modified":"2020-09-16T14:11:06","modified_gmt":"2020-09-16T12:11:06","slug":"wenn-die-apfelbaeume-bluehen","status":"publish","type":"post","link":"https:\/\/www.nabu-aachen.de\/en\/wenn-die-apfelbaeume-bluehen\/","title":{"rendered":"Wenn die Apfelb\u00e4ume bl\u00fchen"},"content":{"rendered":"<div id=\"attachment_2663\" style=\"width: 310px\" class=\"wp-caption alignleft\"><img loading=\"lazy\" decoding=\"async\" aria-describedby=\"caption-attachment-2663\" class=\"size-medium wp-image-2663\" src=\"https:\/\/www.nabu-aachen.de\/wp-content\/uploads\/2020\/04\/apfelbl\u00fcte-300x199.jpg\" alt=\"\" width=\"300\" height=\"199\" srcset=\"https:\/\/www.nabu-aachen.de\/wp-content\/uploads\/2020\/04\/apfelbl\u00fcte-300x199.jpg 300w, https:\/\/www.nabu-aachen.de\/wp-content\/uploads\/2020\/04\/apfelbl\u00fcte-1000x662.jpg 1000w, https:\/\/www.nabu-aachen.de\/wp-content\/uploads\/2020\/04\/apfelbl\u00fcte.jpg 1354w, https:\/\/www.nabu-aachen.de\/wp-content\/uploads\/2020\/04\/apfelbl\u00fcte-300x199@2x.jpg 600w\" sizes=\"auto, (max-width: 300px) 100vw, 300px\" \/><p id=\"caption-attachment-2663\" class=\"wp-caption-text\">Apfelbl\u00fcten &#8211; Foto: Helge May<\/p><\/div>\n<h1><span style=\"color: #3366ff;\">Wenn die Apfelb\u00e4ume bl\u00fchen<\/span><\/h1>\n<h2>Die Aktion \u201eApfelbl\u00fctenland\u201c veranschaulicht den Einzug des Fr\u00fchlings<\/h2>\n<div class=\"teaser-text\">\n<p>Die Apfelbl\u00fcte signalisiert den ph\u00e4nologischen Vollfr\u00fchling. Dieser beginnt nicht jedes Jahr zum gleichen Datum. Und die \u00c4pfel bl\u00fchen vor allem auch nicht \u00fcberall gleichzeitig. Nach der K\u00e4ltewelle Ende M\u00e4rz werden die ersten Bl\u00fcten jetzt in der Karwoche erwartet.<\/p>\n<p><a href=\"https:\/\/www.nabu.de\/tiere-und-pflanzen\/pflanzen\/pflanzenwissen\/04936.html\">Hier geht es zum Apfelbl\u00fctenland<\/a><\/p>\n<\/div>","protected":false},"excerpt":{"rendered":"<p>Wenn die Apfelb\u00e4ume bl\u00fchen Die Aktion \u201eApfelbl\u00fctenland\u201c veranschaulicht den Einzug des Fr\u00fchlings Die Apfelbl\u00fcte signalisiert den ph\u00e4nologischen Vollfr\u00fchling. Dieser beginnt nicht jedes Jahr zum gleichen Datum. Und die \u00c4pfel bl\u00fchen vor allem auch nicht&#46;&#46;&#46;<\/p>","protected":false},"author":6,"featured_media":2663,"comment_status":"closed","ping_status":"closed","sticky":false,"template":"","format":"standard","meta":{"_lmt_disableupdate":"","_lmt_disable":"","footnotes":""},"categories":[54,28],"tags":[],"class_list":["post-2664","post","type-post","status-publish","format-standard","has-post-thumbnail","hentry","category-obstwiesen","category-archiv"],"modified_by":"Carina Zacharias","_links":{"self":[{"href":"https:\/\/www.nabu-aachen.de\/en\/wp-json\/wp\/v2\/posts\/2664","targetHints":{"allow":["GET"]}}],"collection":[{"href":"https:\/\/www.nabu-aachen.de\/en\/wp-json\/wp\/v2\/posts"}],"about":[{"href":"https:\/\/www.nabu-aachen.de\/en\/wp-json\/wp\/v2\/types\/post"}],"author":[{"embeddable":true,"href":"https:\/\/www.nabu-aachen.de\/en\/wp-json\/wp\/v2\/users\/6"}],"replies":[{"embeddable":true,"href":"https:\/\/www.nabu-aachen.de\/en\/wp-json\/wp\/v2\/comments?post=2664"}],"version-history":[{"count":2,"href":"https:\/\/www.nabu-aachen.de\/en\/wp-json\/wp\/v2\/posts\/2664\/revisions"}],"predecessor-version":[{"id":3039,"href":"https:\/\/www.nabu-aachen.de\/en\/wp-json\/wp\/v2\/posts\/2664\/revisions\/3039"}],"wp:featuredmedia":[{"embeddable":true,"href":"https:\/\/www.nabu-aachen.de\/en\/wp-json\/wp\/v2\/media\/2663"}],"wp:attachment":[{"href":"https:\/\/www.nabu-aachen.de\/en\/wp-json\/wp\/v2\/media?parent=2664"}],"wp:term":[{"taxonomy":"category","embeddable":true,"href":"https:\/\/www.nabu-aachen.de\/en\/wp-json\/wp\/v2\/categories?post=2664"},{"taxonomy":"post_tag","embeddable":true,"href":"https:\/\/www.nabu-aachen.de\/en\/wp-json\/wp\/v2\/tags?post=2664"}],"curies":[{"name":"wp","href":"https:\/\/api.w.org\/{rel}","templated":true}]}}