{"id":270,"date":"2011-07-31T09:15:34","date_gmt":"2011-07-31T07:15:34","guid":{"rendered":"http:\/\/www.nabu-aachen.de\/?p=270"},"modified":"2018-01-17T09:19:34","modified_gmt":"2018-01-17T08:19:34","slug":"aquadra-ferienlager","status":"publish","type":"post","link":"https:\/\/www.nabu-aachen.de\/en\/aquadra-ferienlager\/","title":{"rendered":"AQUADRA \u2013 Ferienlager"},"content":{"rendered":"<div class=\"content\">Im Sommer 2011 und 2012 organisiert der NABU zusammen mit AQUADRA ein \u201eWassercamp\u201c f\u00fcr Kinder von sieben bis zw\u00f6lf Jahren aus der gesamten Euregio-Maas-Rhein. Erfahrene Betreuer werden mit ihnen vier Tage spielerisch und praxisbezogen alles rund um das Thema Wasser erleben. Ferner werden die Teilnehmer auch die Sprachen der anderen Regionen kennenlernen.<br \/>\nMehr Infos unter <a title=\"www.aquadra.eu\" href=\"http:\/\/www.aquadra.eu\">www.aquadra.eu<\/a>Artikel aus der Super Sonntag, Sonntag 31. Juli 2011<\/p>\n<p><strong>Wasser kennt keine Grenzen<\/strong><br \/>\n<strong> Grenz\u00fcbergreifendes Projekt &#8218;Aquadra&#8216; soll f\u00fcr Qualit\u00e4t und Sicherheit sorgen<\/strong><\/p>\n<div class=\"image-page\">\n<div style=\"width: 418px\" class=\"wp-caption aligncenter\"><img loading=\"lazy\" decoding=\"async\" src=\"https:\/\/www.nabu-aachen.de\/files\/images\/aquadra_0.jpg\" alt=\"\" width=\"408\" height=\"299\" \/><p class=\"wp-caption-text\">29 Kinder aus der Euregio hatten sich im Rahmen des Projekts &#8218;Aquadra&#8216; intensiv mit dem Thema Wasser besch\u00e4ftigt. Foto: A. Schmidt.<\/p><\/div>\n<\/div>\n<p><strong> Aachen\/Region.<\/strong><br \/>\nDes Menschen Lebenselixier Wasser war Thema des Grenzen\u00fcberschreitenden &#8222;Wassercamps&#8220; auf dem Jugendgruppenzeltplatz Aachen, an dem sich 29 Kinder von sechs bis 13 Jahren aus der Euregio beteiligt hatten.<\/p>\n<p>Im Rahmen des 2009 gestarteten Interreg IV-Projekts &#8218;Aquadra&#8216; und unter Beteiligung des NABU Aachen unternahmen die Kinder Naturexkursionen in die n\u00e4here Umgebung, um spielerisch und praxisbezogen alles zu erfahren, was mit dem Element Wasserzu tun hat. &#8222;So haben wir beispielsweise stehende und flie\u00dfende Gew\u00e4sser chemisch und biologisch untersucht, haben einen Bachlauf nachgebaut, letztlich, um das Wasser zu begreifen, die Wasserqualit\u00e4t bewerten zu k\u00f6nnen. Beim Rundgang um den Casinoweiher in Kelmis haben wir Wassertiere beobachtet, Plankton gefischt und sp\u00e4ter mikroskopiert&#8220;, berichtete Betreuerin Britta Mahn vom NABU Aachen.<\/p>\n<p>Die Kinder des Wassercamps zeigten sich sehr zufrieden, waren mit Feuereifer dabei, standen oftmals sogar knietief im Wasser, \u00fcberwanden Sprachbarrieren und erfuhren hautnah, dass &#8222;wir sorgf\u00e4ltig mit dem Wasser umgehen m\u00fcssen&#8220;. Das Wassercamp ist Teil einer Sensibilisierungskampagne von &#8218;Aquadra&#8216; und gerade Kinder seien die geeigneten Multiplikatoren, da sie das Gelernte in ihre Familien tragen und vermitteln, wie sorgsam wir mit dem kostbaren Nass umgehen m\u00fcssen.<\/p>\n<p>&#8222;Wasser kennt bekanntlich keine Grenzen. Doch bislang haben die Wasserbeh\u00f6rden der angrenzenden L\u00e4nder meist alleine gewirtschaftet und so war es m\u00f6glich, wenn ein Fluss begradigt wurde, konnte es im Nachbarland eine \u00dcberschwemmung geben. &#8218;Aquadra&#8216; soll deshalb f\u00fcr Koordination und eine Aquasolidarit\u00e4t sorgen: genaue Messdaten werden ausgetauscht, die beteiligten vier Nebenfl\u00fcsse der Maas &#8211; Jeker, Voer, Berwinne und G\u00f6hl &#8211; werden digital erfasst und kartiert, um ein effektives Fr\u00fchwarnsystem f\u00fcr Hochwasser aufzubauen&#8220;, machte Alfred Lecerf deutlich. Er ist Vorsitzender der Lokalen Entwicklungsagentur, die aus den Gemeinden Lontzen, Plombi\u00e8res, Welkenraedt sowie dem NABU Aachen besteht.<\/p>\n<p>Insgesamt zw\u00f6lf Partner aus der Euregio, u.a. Stadt Aachen, Wallonien, Flandern, Provinz L\u00fcttich, zusammen mit dem Ziel, die Bev\u00f6lkerung mit sauberen und sicherem Wasser zuversorgen. Inzwischen wurden an zw\u00f6lf Stellen in der Euregio entsprechende Pilotprojekte gestartet, mit dem Ziel z.B. durch Einrichtung nat\u00fcrlicher Pufferzonen \u00dcberschwemmungen zu vermeiden oder Probleme wie Erosion zu bek\u00e4mpfen. (als)<\/p>\n<p>Infos zu den zw\u00f6lf Pilotprojekten und mehr unter: <a title=\"www.aquadra.eu\" href=\"http:\/\/www.aquadra.eu\">www.aquadra.eu<\/a><\/p>\n<\/div>\n<div class=\"clear-block clear\"><\/div>","protected":false},"excerpt":{"rendered":"<p>Im Sommer 2011 und 2012 organisiert der NABU zusammen mit AQUADRA ein \u201eWassercamp\u201c f\u00fcr Kinder von sieben bis zw\u00f6lf Jahren aus der gesamten Euregio-Maas-Rhein. Erfahrene Betreuer werden mit ihnen vier Tage spielerisch und praxisbezogen&#46;&#46;&#46;<\/p>","protected":false},"author":2,"featured_media":0,"comment_status":"closed","ping_status":"closed","sticky":false,"template":"","format":"standard","meta":{"_lmt_disableupdate":"","_lmt_disable":"","footnotes":""},"categories":[28],"tags":[],"class_list":["post-270","post","type-post","status-publish","format-standard","hentry","category-archiv"],"modified_by":"manfred","_links":{"self":[{"href":"https:\/\/www.nabu-aachen.de\/en\/wp-json\/wp\/v2\/posts\/270","targetHints":{"allow":["GET"]}}],"collection":[{"href":"https:\/\/www.nabu-aachen.de\/en\/wp-json\/wp\/v2\/posts"}],"about":[{"href":"https:\/\/www.nabu-aachen.de\/en\/wp-json\/wp\/v2\/types\/post"}],"author":[{"embeddable":true,"href":"https:\/\/www.nabu-aachen.de\/en\/wp-json\/wp\/v2\/users\/2"}],"replies":[{"embeddable":true,"href":"https:\/\/www.nabu-aachen.de\/en\/wp-json\/wp\/v2\/comments?post=270"}],"version-history":[{"count":2,"href":"https:\/\/www.nabu-aachen.de\/en\/wp-json\/wp\/v2\/posts\/270\/revisions"}],"predecessor-version":[{"id":897,"href":"https:\/\/www.nabu-aachen.de\/en\/wp-json\/wp\/v2\/posts\/270\/revisions\/897"}],"wp:attachment":[{"href":"https:\/\/www.nabu-aachen.de\/en\/wp-json\/wp\/v2\/media?parent=270"}],"wp:term":[{"taxonomy":"category","embeddable":true,"href":"https:\/\/www.nabu-aachen.de\/en\/wp-json\/wp\/v2\/categories?post=270"},{"taxonomy":"post_tag","embeddable":true,"href":"https:\/\/www.nabu-aachen.de\/en\/wp-json\/wp\/v2\/tags?post=270"}],"curies":[{"name":"wp","href":"https:\/\/api.w.org\/{rel}","templated":true}]}}