{"id":280,"date":"2010-09-04T09:22:05","date_gmt":"2010-09-04T07:22:05","guid":{"rendered":"http:\/\/www.nabu-aachen.de\/?p=280"},"modified":"2018-01-17T09:22:32","modified_gmt":"2018-01-17T08:22:32","slug":"informationen-zur-b-258-n-im-sueden","status":"publish","type":"post","link":"https:\/\/www.nabu-aachen.de\/en\/informationen-zur-b-258-n-im-sueden\/","title":{"rendered":"Informationen zur B 258 n im S\u00fcden"},"content":{"rendered":"<p>Auf dieser Seite stellen wir einige Informationen zur B 258 n im S\u00fcden von Aachen zur Verf\u00fcgung stellen:<\/p>\n<ul class=\"bb-list\">\n<li>Pr\u00e4sentation zur B 258n als pdf-Dokument (2,9 MB): <a href=\"https:\/\/www.nabu-aachen.de\/wp-content\/uploads\/2018\/01\/praesentation_b258n.pdf\">praesentation_b258n<\/a><\/li>\n<li>Flyer zur B 285n S\u00fcd als pdf-Dokument (230 KB): <a href=\"https:\/\/www.nabu-aachen.de\/wp-content\/uploads\/2018\/01\/flyer_b258n_sued_051123.pdf\">flyer_b258n_sued_051123<\/a><\/li>\n<li>Hintergrundinformationen des NABU zur B 258 n als pdf-Dokument (44KB): <a href=\"https:\/\/www.nabu-aachen.de\/wp-content\/uploads\/2018\/01\/nabu_hintergrundinfos_b258n_ml.pdf\">nabu_hintergrundinfos_b258n_ml<\/a><\/li>\n<\/ul>","protected":false},"excerpt":{"rendered":"<p>Auf dieser Seite stellen wir einige Informationen zur B 258 n im S\u00fcden von Aachen zur Verf\u00fcgung stellen: Pr\u00e4sentation zur B 258n als pdf-Dokument (2,9 MB): praesentation_b258n Flyer zur B 285n S\u00fcd als pdf-Dokument&#46;&#46;&#46;<\/p>","protected":false},"author":2,"featured_media":0,"comment_status":"closed","ping_status":"closed","sticky":false,"template":"","format":"standard","meta":{"_lmt_disableupdate":"","_lmt_disable":"","footnotes":""},"categories":[28],"tags":[],"class_list":["post-280","post","type-post","status-publish","format-standard","hentry","category-archiv"],"modified_by":"manfred","_links":{"self":[{"href":"https:\/\/www.nabu-aachen.de\/en\/wp-json\/wp\/v2\/posts\/280","targetHints":{"allow":["GET"]}}],"collection":[{"href":"https:\/\/www.nabu-aachen.de\/en\/wp-json\/wp\/v2\/posts"}],"about":[{"href":"https:\/\/www.nabu-aachen.de\/en\/wp-json\/wp\/v2\/types\/post"}],"author":[{"embeddable":true,"href":"https:\/\/www.nabu-aachen.de\/en\/wp-json\/wp\/v2\/users\/2"}],"replies":[{"embeddable":true,"href":"https:\/\/www.nabu-aachen.de\/en\/wp-json\/wp\/v2\/comments?post=280"}],"version-history":[{"count":2,"href":"https:\/\/www.nabu-aachen.de\/en\/wp-json\/wp\/v2\/posts\/280\/revisions"}],"predecessor-version":[{"id":892,"href":"https:\/\/www.nabu-aachen.de\/en\/wp-json\/wp\/v2\/posts\/280\/revisions\/892"}],"wp:attachment":[{"href":"https:\/\/www.nabu-aachen.de\/en\/wp-json\/wp\/v2\/media?parent=280"}],"wp:term":[{"taxonomy":"category","embeddable":true,"href":"https:\/\/www.nabu-aachen.de\/en\/wp-json\/wp\/v2\/categories?post=280"},{"taxonomy":"post_tag","embeddable":true,"href":"https:\/\/www.nabu-aachen.de\/en\/wp-json\/wp\/v2\/tags?post=280"}],"curies":[{"name":"wp","href":"https:\/\/api.w.org\/{rel}","templated":true}]}}