{"id":374,"date":"2010-09-04T13:42:18","date_gmt":"2010-09-04T11:42:18","guid":{"rendered":"http:\/\/www.nabu-aachen.de\/?p=374"},"modified":"2020-09-16T15:47:04","modified_gmt":"2020-09-16T13:47:04","slug":"europaeischen-nacht-der-fledermaeuse","status":"publish","type":"post","link":"https:\/\/www.nabu-aachen.de\/en\/europaeischen-nacht-der-fledermaeuse\/","title":{"rendered":"Europ\u00e4ischen Nacht der Flederm\u00e4use"},"content":{"rendered":"<p style=\"text-align: right;\"><strong>Pressemeldung des NABU-Stadtverbandes Aachen<\/strong><\/p>\n<p style=\"text-align: right;\"><strong>Datum: 04.09.2010<\/strong><\/p>\n<p><b>Fledermausnacht im Euregiozoo &#8211; Gemeinsames Programm vom NABU Aachen und Aachener Tierpark zur \u201ebatnight\u201c<\/b><\/p>\n<div class=\"image-page\">\n<div style=\"width: 430px\" class=\"wp-caption aligncenter\"><img loading=\"lazy\" decoding=\"async\" src=\"https:\/\/nabu-aachen.de\/files\/images\/Braunes-Langohr_Klaus_Bogon_0.png\" alt=\"\" width=\"420\" height=\"286\" \/><p class=\"wp-caption-text\">Braunes Langohr Foto: Klaus Bogon<\/p><\/div>\n<p>Flederm\u00e4use als heimliche J\u00e4ger in der dunklen Nacht sind immer noch von Geheimnissen umwittert. Hier ein bisschen Licht ins Dunkel zu bringen ist Ziel der allj\u00e4hrlichen Europ\u00e4ischen Nacht der Flederm\u00e4use, die am Samstag, dem 28.08.2010, wieder stattfand. In diesem Jahr hatten sich der NABU Aachen und der Euregiozoo zu einem besonderen Ereignis entschlossen: Die Fledermausnacht wurde im Aachener Tierpark durchgef\u00fchrt.<\/p>\n<p>Ein Informationsstand des NABU gab ganzt\u00e4gig im Aachener Tierpark Informationen zu Flederm\u00e4usen und Ihrem Leben.<\/p>\n<p>Am Abend fand dann schlie\u00dflich die allj\u00e4hrliche Exkursion zur Beobachtung der lautlosen Flatterm\u00e4nner statt. Mit Fledermausdetektoren konnten die n\u00e4mlich \u00fcberhaupt nicht lautlosen J\u00e4ger aufgesp\u00fcrt und bei der Jagd beobachtet werden. Dank der Zusammenarbeit mit dem Euregiozoo standen die R\u00e4umlichkeiten der Zooschule zur Verf\u00fcgung, so dass vor der eigentlichen Exkursion ein Diavortrag in die Welt der Flederm\u00e4use einf\u00fchrte. F\u00fcr die Kinder wurde in dieser Zeit eine informative Unterhaltung mit Spielen rund um die Fledermaus geboten.<\/p><\/div>\n<div class=\"image-page\">\n<div style=\"width: 430px\" class=\"wp-caption aligncenter\"><img loading=\"lazy\" decoding=\"async\" src=\"https:\/\/nabu-aachen.de\/files\/images\/BatNight_2010.png\" alt=\"\" width=\"420\" height=\"315\" \/><p class=\"wp-caption-text\">NABU-Infostand mit Fledermausexperten Thomas K\u00f6lsch im Euregiozoo. Foto: Manfred Aletsee<\/p><\/div>\n<\/div>","protected":false},"excerpt":{"rendered":"<p>Pressemeldung des NABU-Stadtverbandes Aachen Datum: 04.09.2010 Fledermausnacht im Euregiozoo &#8211; Gemeinsames Programm vom NABU Aachen und Aachener Tierpark zur \u201ebatnight\u201c Flederm\u00e4use als heimliche J\u00e4ger in der dunklen Nacht sind immer noch von Geheimnissen umwittert.&#46;&#46;&#46;<\/p>","protected":false},"author":2,"featured_media":0,"comment_status":"closed","ping_status":"closed","sticky":false,"template":"","format":"standard","meta":{"_lmt_disableupdate":"","_lmt_disable":"","footnotes":""},"categories":[58,28],"tags":[],"class_list":["post-374","post","type-post","status-publish","format-standard","hentry","category-fledermaeuse","category-archiv"],"modified_by":"Carina Zacharias","_links":{"self":[{"href":"https:\/\/www.nabu-aachen.de\/en\/wp-json\/wp\/v2\/posts\/374","targetHints":{"allow":["GET"]}}],"collection":[{"href":"https:\/\/www.nabu-aachen.de\/en\/wp-json\/wp\/v2\/posts"}],"about":[{"href":"https:\/\/www.nabu-aachen.de\/en\/wp-json\/wp\/v2\/types\/post"}],"author":[{"embeddable":true,"href":"https:\/\/www.nabu-aachen.de\/en\/wp-json\/wp\/v2\/users\/2"}],"replies":[{"embeddable":true,"href":"https:\/\/www.nabu-aachen.de\/en\/wp-json\/wp\/v2\/comments?post=374"}],"version-history":[{"count":3,"href":"https:\/\/www.nabu-aachen.de\/en\/wp-json\/wp\/v2\/posts\/374\/revisions"}],"predecessor-version":[{"id":894,"href":"https:\/\/www.nabu-aachen.de\/en\/wp-json\/wp\/v2\/posts\/374\/revisions\/894"}],"wp:attachment":[{"href":"https:\/\/www.nabu-aachen.de\/en\/wp-json\/wp\/v2\/media?parent=374"}],"wp:term":[{"taxonomy":"category","embeddable":true,"href":"https:\/\/www.nabu-aachen.de\/en\/wp-json\/wp\/v2\/categories?post=374"},{"taxonomy":"post_tag","embeddable":true,"href":"https:\/\/www.nabu-aachen.de\/en\/wp-json\/wp\/v2\/tags?post=374"}],"curies":[{"name":"wp","href":"https:\/\/api.w.org\/{rel}","templated":true}]}}