{"id":385,"date":"2008-12-31T13:53:57","date_gmt":"2008-12-31T12:53:57","guid":{"rendered":"http:\/\/www.nabu-aachen.de\/?p=385"},"modified":"2018-01-17T13:56:35","modified_gmt":"2018-01-17T12:56:35","slug":"mit-obstbaeumen-waechst-eine-ganz-neue-zielgruppe","status":"publish","type":"post","link":"https:\/\/www.nabu-aachen.de\/en\/mit-obstbaeumen-waechst-eine-ganz-neue-zielgruppe\/","title":{"rendered":"Mit Obstb\u00e4umen w\u00e4chst eine ganz neue Zielgruppe"},"content":{"rendered":"<p style=\"text-align: right;\"><strong>Gemeinsamer Artikel der Aachener Zeitung und Aachener Nachrichten<\/strong><\/p>\n<p style=\"text-align: right;\"><b>Datum: 31.12.2008<\/b><\/p>\n<p style=\"text-align: right;\"><b>Autor: Joachim Rubner<\/b><\/p>\n<p style=\"text-align: left;\"><b>Aachen.<\/b>\u00a0Der Nabu Aachen blickt auf ein anstrengendes, aber auch erfolgreiches Jahr zur\u00fcck. Vor allem bei der Anpflanzung von alten heimischen Obstbaumsorten hat der Naturschutzbund Deutschland, Ortsgruppe Aachen, einen gro\u00dfen Schritt nach vorne gemacht.<br \/>\nNachdem schon in den Jahren 2006 und 2007 an die 100 neue Obstb\u00e4ume alter Sorten auf den Grundst\u00fccken des Nabu gepflanzt werden konnten, erreichte in diesem Herbst die Anpflanzung alter, historischer Obstbaumsorten der Region mit finanzieller Hilfe der Stadt Aachen und des Landschaftsverbandes Rheinland im Rahmen des Euregionale-Projektes eine neue, viel gr\u00f6\u00dfere Dimension: Mehr als 20 ehrenamtliche Helferinnen und Helfer haben unter fachlicher Anleitung in diesem Herbst mehr als 300 B\u00e4ume aus 67 verschiedenen alten Obstsorten neu gepflanzt.<\/p>\n<p>F\u00fcr den Nabu Aachen stand im fast vergangenen Jahr neben vielen anderen Aktivit\u00e4ten vor allem das 20-j\u00e4hrige Jubil\u00e4um im Mittelpunkt. Doch nicht nur beim Jubil\u00e4umsfest, sondern auch bei der Er\u00f6ffnung des \u00abGrenzrouten\u00bb-Projektes im Rahmen der Euregionale, beim 1. Aachener Sch\u00e4ferfest auf Gut Melaten und beim Familientag im Rahmen der Woche des \u00abB\u00fcrgerlichen Engagements\u00bb am Dreil\u00e4ndereck haben sich der Nabu und die Nabu-Naturschutzstation sehr erfolgreich einer gro\u00dfen \u00d6ffentlichkeit pr\u00e4sentiert.<\/p>\n<p>\u00abF\u00fcr die ehrenamtlichen Helfer war dies wahrlich ein Kraftakt, aber ich denke, der Einsatz hat sich gelohnt\u00bb, sagte Claus Mayr, 1. Vorsitzender des Nabu Aachen. Das Interesse an den Informationsst\u00e4nden des Nabu sei stets sehr gro\u00df gewesen, \u00abund bei allen Festen sah man dicht umlagerte Experten zur Bestimmung alter regionaler Obstsorten. All das zeigte uns deutlich, dass der Nabu Aachen auf dem richtigen Weg ist\u00bb, freut sich Mayr.<\/p>\n<p>Mit diesen Projekten, die ja auch im Rahmen der Euregionale erwandert werden k\u00f6nnen und demn\u00e4chst Eingang in den geplanten Naturf\u00fchrer des nordrhein-westf\u00e4lischen Nabu finden sollen, erreicht der Naturschutzbund Deutschland \u00fcbrigens nicht nur B\u00fcrger, die sich f\u00fcr Natur- und Umweltschutz interessieren. Mit der Neupflanzung und dem Schutz von Aachener Hausapfel und M\u00fcnsterbirne erreicht man auch Menschen, denen es vorrangig um die Erhaltung der Heimat und ihrer Kulturg\u00fcter geht.<\/p>\n<p>Auch die bundesweite Aktion \u00abHandys f\u00fcr die Havel\u00bb lief in Aachen gut. Seit dem Start der Aktion im Dezember 2006 konnten &#8211; auch durch die Unterst\u00fctzung der Abfallwirtschaft Aachen GmbH &#8211; bislang \u00fcber 1000 Althandys gesammelt und der Erl\u00f6s f\u00fcr den Ausbau des Naturschutzes an der Havel verwendet werden.<\/p>","protected":false},"excerpt":{"rendered":"<p>Gemeinsamer Artikel der Aachener Zeitung und Aachener Nachrichten Datum: 31.12.2008 Autor: Joachim Rubner Aachen.\u00a0Der Nabu Aachen blickt auf ein anstrengendes, aber auch erfolgreiches Jahr zur\u00fcck. Vor allem bei der Anpflanzung von alten heimischen Obstbaumsorten&#46;&#46;&#46;<\/p>","protected":false},"author":2,"featured_media":0,"comment_status":"closed","ping_status":"closed","sticky":false,"template":"","format":"standard","meta":{"_lmt_disableupdate":"","_lmt_disable":"","footnotes":""},"categories":[28],"tags":[],"class_list":["post-385","post","type-post","status-publish","format-standard","hentry","category-archiv"],"modified_by":"manfred","_links":{"self":[{"href":"https:\/\/www.nabu-aachen.de\/en\/wp-json\/wp\/v2\/posts\/385","targetHints":{"allow":["GET"]}}],"collection":[{"href":"https:\/\/www.nabu-aachen.de\/en\/wp-json\/wp\/v2\/posts"}],"about":[{"href":"https:\/\/www.nabu-aachen.de\/en\/wp-json\/wp\/v2\/types\/post"}],"author":[{"embeddable":true,"href":"https:\/\/www.nabu-aachen.de\/en\/wp-json\/wp\/v2\/users\/2"}],"replies":[{"embeddable":true,"href":"https:\/\/www.nabu-aachen.de\/en\/wp-json\/wp\/v2\/comments?post=385"}],"version-history":[{"count":1,"href":"https:\/\/www.nabu-aachen.de\/en\/wp-json\/wp\/v2\/posts\/385\/revisions"}],"predecessor-version":[{"id":386,"href":"https:\/\/www.nabu-aachen.de\/en\/wp-json\/wp\/v2\/posts\/385\/revisions\/386"}],"wp:attachment":[{"href":"https:\/\/www.nabu-aachen.de\/en\/wp-json\/wp\/v2\/media?parent=385"}],"wp:term":[{"taxonomy":"category","embeddable":true,"href":"https:\/\/www.nabu-aachen.de\/en\/wp-json\/wp\/v2\/categories?post=385"},{"taxonomy":"post_tag","embeddable":true,"href":"https:\/\/www.nabu-aachen.de\/en\/wp-json\/wp\/v2\/tags?post=385"}],"curies":[{"name":"wp","href":"https:\/\/api.w.org\/{rel}","templated":true}]}}