{"id":398,"date":"2008-01-17T14:56:27","date_gmt":"2008-01-17T13:56:27","guid":{"rendered":"http:\/\/www.nabu-aachen.de\/?p=398"},"modified":"2018-03-06T16:00:14","modified_gmt":"2018-03-06T15:00:14","slug":"grenzrouten-projekt-2008","status":"publish","type":"post","link":"https:\/\/www.nabu-aachen.de\/en\/grenzrouten-projekt-2008\/","title":{"rendered":"Grenzrouten-Projekt (2008)"},"content":{"rendered":"<p>&nbsp;<\/p>\n<div class=\"image-page\"><img decoding=\"async\" src=\"https:\/\/nabu-aachen.de\/files\/images\/GrenzRoutenLogo.jpg\" \/><\/div>\n<p><b>F\u00f6rderung der Kulturlandschaft<\/b><\/p>\n<p>Obstwiesen, Feldhecke , Kopfb\u00e4ume und Einzelb\u00e4ume sind Relikte einer alten Kulturlandschaft. Sie geben der Landschaft einen besonderen Reiz und bieten vielen Pflanzen und Tieren Lebensr\u00e4ume.<\/p>\n<p>Im Rahmen des EuRegionale 2008-Projekts \u201eGrenzrouten\u201c f\u00fchrt die NABU-Naturschutzstation Aachen Pflege- und Pflanzaktionen zum Erhalt der Kulturlandschaft und zur F\u00f6rderung der Natur durch.<\/p>\n<p>Die Ma\u00dfnahmen werden in der Gebietskulisse \u201eGrenzrouten\u201c entlang der deutsch-niederl\u00e4ndisch-belgischen Grenze im Aachener Nordwesten (Horbach, Orsbach, Vetschau, Lemiers, Vaalserquartier)<\/p>\n<div class=\"image-page\"><img decoding=\"async\" class=\"aligncenter\" src=\"https:\/\/nabu-aachen.de\/files\/images\/Karte_nord.jpg\" \/><\/div>\n<p>und im Aachener S\u00fcden (Lichtenbusch, Oberforstbach, N\u00fctheim, Sief) bis Ende 2008 gef\u00f6rdert.<\/p>\n<div class=\"image-page\"><img decoding=\"async\" class=\"aligncenter\" src=\"https:\/\/nabu-aachen.de\/files\/images\/Karte_sued.jpg\" \/><\/div>\n<p>Gef\u00f6rdert werden:<\/p>\n<ul class=\"bb-list\">\n<li>die Pflanzung von Schnitthecken<\/li>\n<li>die Pflanzung von Feldhecken<\/li>\n<li>die Pflanzen und Pflege von Kopfb\u00e4ume und Solit\u00e4rb\u00e4umen<\/li>\n<li>die Pflanzung und Pflege von hochst\u00e4mmigen Obstb\u00e4umen<\/li>\n<li>der Schutz von B\u00e4ume vor Verbiss<\/li>\n<\/ul>\n<div class=\"image-page\">\n<div style=\"width: 417px\" class=\"wp-caption aligncenter\"><img loading=\"lazy\" decoding=\"async\" src=\"https:\/\/nabu-aachen.de\/files\/images\/AC_Kopfweide.jpg\" alt=\"\" width=\"407\" height=\"305\" \/><p class=\"wp-caption-text\">Kopfweiden &#8211; Relikte einer alten Kulturlandschaft, Lebensraum f\u00fcr eine vielf\u00e4ltige Tierwelt.<\/p><\/div>\n<\/div>\n<div class=\"image-page\">\n<div style=\"width: 417px\" class=\"wp-caption aligncenter\"><img loading=\"lazy\" decoding=\"async\" src=\"https:\/\/nabu-aachen.de\/files\/images\/AC_Hausapfel.jpg\" alt=\"\" width=\"407\" height=\"305\" \/><p class=\"wp-caption-text\">Der Aachener Hausapfel \u2013 eine schmackhafte Lokalsorte.<\/p><\/div>\n<\/div>\n<div class=\"image-page\">\n<p><div style=\"width: 417px\" class=\"wp-caption aligncenter\"><img loading=\"lazy\" decoding=\"async\" src=\"https:\/\/nabu-aachen.de\/files\/images\/AC_EichePferd.jpg\" alt=\"\" width=\"407\" height=\"305\" \/><p class=\"wp-caption-text\">Viele alte B\u00e4ume leiden unter dem Verbiss von Weidetieren \u2013 durch Ausz\u00e4unung ist leicht Abhilfe zu schaffen.<\/p><\/div>\n<\/div>","protected":false},"excerpt":{"rendered":"<p>&nbsp; F\u00f6rderung der Kulturlandschaft Obstwiesen, Feldhecke , Kopfb\u00e4ume und Einzelb\u00e4ume sind Relikte einer alten Kulturlandschaft. Sie geben der Landschaft einen besonderen Reiz und bieten vielen Pflanzen und Tieren Lebensr\u00e4ume. Im Rahmen des EuRegionale 2008-Projekts&#46;&#46;&#46;<\/p>","protected":false},"author":2,"featured_media":0,"comment_status":"closed","ping_status":"closed","sticky":false,"template":"","format":"standard","meta":{"_lmt_disableupdate":"","_lmt_disable":"","footnotes":""},"categories":[28],"tags":[],"class_list":["post-398","post","type-post","status-publish","format-standard","hentry","category-archiv"],"modified_by":"Erwin","_links":{"self":[{"href":"https:\/\/www.nabu-aachen.de\/en\/wp-json\/wp\/v2\/posts\/398","targetHints":{"allow":["GET"]}}],"collection":[{"href":"https:\/\/www.nabu-aachen.de\/en\/wp-json\/wp\/v2\/posts"}],"about":[{"href":"https:\/\/www.nabu-aachen.de\/en\/wp-json\/wp\/v2\/types\/post"}],"author":[{"embeddable":true,"href":"https:\/\/www.nabu-aachen.de\/en\/wp-json\/wp\/v2\/users\/2"}],"replies":[{"embeddable":true,"href":"https:\/\/www.nabu-aachen.de\/en\/wp-json\/wp\/v2\/comments?post=398"}],"version-history":[{"count":5,"href":"https:\/\/www.nabu-aachen.de\/en\/wp-json\/wp\/v2\/posts\/398\/revisions"}],"predecessor-version":[{"id":880,"href":"https:\/\/www.nabu-aachen.de\/en\/wp-json\/wp\/v2\/posts\/398\/revisions\/880"}],"wp:attachment":[{"href":"https:\/\/www.nabu-aachen.de\/en\/wp-json\/wp\/v2\/media?parent=398"}],"wp:term":[{"taxonomy":"category","embeddable":true,"href":"https:\/\/www.nabu-aachen.de\/en\/wp-json\/wp\/v2\/categories?post=398"},{"taxonomy":"post_tag","embeddable":true,"href":"https:\/\/www.nabu-aachen.de\/en\/wp-json\/wp\/v2\/tags?post=398"}],"curies":[{"name":"wp","href":"https:\/\/api.w.org\/{rel}","templated":true}]}}