{"id":4007,"date":"2021-07-31T14:21:38","date_gmt":"2021-07-31T12:21:38","guid":{"rendered":"https:\/\/www.nabu-aachen.de\/?p=4007"},"modified":"2022-01-28T12:12:46","modified_gmt":"2022-01-28T11:12:46","slug":"kleine-tiere-grosse-zahlen","status":"publish","type":"post","link":"https:\/\/www.nabu-aachen.de\/en\/kleine-tiere-grosse-zahlen\/","title":{"rendered":"Kleine Tiere \u2013 gro\u00dfe Zahlen"},"content":{"rendered":"<div>\n<div id=\"attachment_4006\" style=\"width: 310px\" class=\"wp-caption alignleft\"><a href=\"https:\/\/www.nabu-aachen.de\/wp-content\/uploads\/2021\/07\/blattbauch_himmel-kopie.jpg\"><img loading=\"lazy\" decoding=\"async\" aria-describedby=\"caption-attachment-4006\" class=\"wp-image-4006 size-medium\" src=\"https:\/\/www.nabu-aachen.de\/wp-content\/uploads\/2021\/07\/blattbauch_himmel-kopie-300x198.jpg\" alt=\"\" width=\"300\" height=\"198\" srcset=\"https:\/\/www.nabu-aachen.de\/wp-content\/uploads\/2021\/07\/blattbauch_himmel-kopie-300x198.jpg 300w, https:\/\/www.nabu-aachen.de\/wp-content\/uploads\/2021\/07\/blattbauch_himmel-kopie-1000x661.jpg 1000w, https:\/\/www.nabu-aachen.de\/wp-content\/uploads\/2021\/07\/blattbauch_himmel-kopie.jpg 1248w, https:\/\/www.nabu-aachen.de\/wp-content\/uploads\/2021\/07\/blattbauch_himmel-kopie-300x198@2x.jpg 600w\" sizes=\"auto, (max-width: 300px) 100vw, 300px\" \/><\/a><p id=\"caption-attachment-4006\" class=\"wp-caption-text\">Plattbauch &#8211; Foto: Ulrich Schwenk<\/p><\/div>\n<p>NABU-PRESSEMITTEILUNG | NR 91\/21 | 30.\u00a0JULI 2021<\/p><\/div>\n<div><\/div>\n<div><\/div>\n<div><\/div>\n<div><strong>Umwelt\/Insekten<\/strong><\/div>\n<div><\/div>\n<div><strong>NABU: Kleine Tiere \u2013 gro\u00dfe Zahlen<\/strong><\/div>\n<div><\/div>\n<div><strong>Vom 6. bis 15. August werden beim Insektensommer wieder Sechsbeiner gez\u00e4hlt<\/strong><\/div>\n<div><\/div>\n<div><\/div>\n<div><\/div>\n<div><\/div>\n<div><\/div>\n<div>Berlin \u2013 Schwarzgelb, unbeliebt, aber auch unersetzlich: Wespen haben ein Imageproblem. Jetzt im Hochsommer sind die Hautfl\u00fcgler wieder unterwegs und st\u00f6ren uns beim Eis essen und Grillen. Beim deutschlandweiten Insektensommer vom 6. bis 15. August kann man die Tiere besser kennen- und sch\u00e4tzen lernen. \u201eWir wollen sehen, ob es in diesem Jahr wie vermutet aufgrund des k\u00fchlen und verregneten Fr\u00fchlings weniger Wespen gibt\u201c, so \u00a0NABU-Insektenexpertin Dr. Laura Breitkreuz, \u201eAuch wenn das viele Menschen freuen d\u00fcrfte \u2013 die Tiere sind enorm wichtig.\u201c So best\u00e4uben auch Wespen Nutzpflanzen, sie vertilgen Sch\u00e4dlinge, wie Blattl\u00e4use und Spannerlarven, und n\u00fctzen so in Landwirtschaft und Gartenbau. Zudem beseitigen sie als gefl\u00fcgelte Gesundheitspolizei Aas. \u201eUnd wer bei Wespen gleich an Stechen denkt, liegt falsch\u201c, sagt Breitkreuz, \u201eNur etwa jede f\u00fcnfte \u00a0der weltweit rund 137.000 Wespenarten hat einen Wehrstachel. Die in Deutschland h\u00e4ufige Gemeine Wespe, die uns jetzt vielfach begegnet, geh\u00f6rt allerdings dazu.\u201c Wer aber die Tiere nicht bedr\u00e4nge oder nach ihnen schlage, habe wenig zu bef\u00fcrchten.<\/div>\n<div><\/div>\n<div><\/div>\n<div><\/div>\n<div>Um belastbare Ergebnisse zu erzielen, ist es wichtig, dass m\u00f6glichst viele Menschen bei der Insektenz\u00e4hlung mitmachen. \u201eIm vergangenen Jahr haben wir fast die 10.000 Meldungen geknackt und es gab 15.000 Beobachtende\u201c, so Leif Miller, NABU-Bundesgesch\u00e4ftsf\u00fchrer. \u201eIn diesem Jahr haben allein bei der ersten Z\u00e4hlung im Juni schon 9.000 Menschen mitgemacht. Das freut uns sehr. Denn nur was man kennt und sch\u00e4tzt, kann man auch sch\u00fctzen.\u201c<\/div>\n<div><\/div>\n<div><\/div>\n<div><\/div>\n<div>Eine besondere Rolle beim Insektensommer spielt wie im Vorjahr der Marienk\u00e4fer, von dem es in Deutschland rund 70 Arten gibt. Breitkreuz: \u201eWir wollen herausfinden,\u00a0 ob der heimische Siebenpunktmarienk\u00e4fer oder der Asiatische Marienk\u00e4fer h\u00e4ufiger zu sehen ist. Letzterer wurde erst vor wenigen Jahrzehnten eingeschleppt. Wie weit sich die invasive Art bereits verbreitet hat, soll der Insektensommer zeigen.\u201c Im Juni lag der Asiatische Marienk\u00e4fer vorne.<\/div>\n<div><\/div>\n<div><\/div>\n<div><\/div>\n<div>Beobachten und z\u00e4hlen kann jeder und das fast \u00fcberall: Garten, Balkon, Park, Wiese, Wald, Feld, Teich oder Bach. Das Beobachtungsgebiet soll nicht gr\u00f6\u00dfer sein als etwa zehn Meter in jede Richtung vom eigenen Standpunkt aus. Gez\u00e4hlt wird eine Stunde. Gemeldet werden die Beobachtungen per Online-Formular oder mit der kostenlosen Web-App NABU Insektensommer. Beide Meldewege sind unter <a href=\"http:\/\/www.insektensommer.de\/\" target=\"_blank\" rel=\"noopener\">www.insektensommer.de<\/a> abrufbar.<\/div>\n<div><\/div>\n<div><\/div>\n<div><\/div>\n<div>Jeder gesichtete Sechsbeiner soll gez\u00e4hlt und gemeldet werden. Jetzt im August soll dabei auf einige h\u00e4ufig vorkommende Arten besonders geachtet werden: Schwalbenschwanz, Kleiner Fuchs, Ackerhummel, Blaue Holzbiene, Siebenpunkt-Marienk\u00e4fer, Streifenwanze, Blaugr\u00fcne Mosaiklibelle und Gr\u00fcnes Heupferd. Wer diese Tiere nicht kennt, kann sie ganz einfach mit dem NABU-Insektentrainer (<a href=\"http:\/\/www.insektentrainer.de\/\" target=\"_blank\" rel=\"noopener\">www.insektentrainer.de<\/a>) unterscheiden lernen. Die Daten der Z\u00e4hlaktion werden in Zusammenarbeit mit der Plattform <a href=\"http:\/\/www.naturgucker.de\/\" target=\"_blank\" rel=\"noopener\">www.naturgucker.de<\/a> erfasst. Die Ergebnisse werden vom NABU ausgewertet und zeitnah ver\u00f6ffentlicht.<\/div>\n<div><\/div>\n<div><\/div>\n<div><\/div>\n<div>Mehr Infos: <a href=\"http:\/\/www.insektensommer.de\/\" target=\"_blank\" rel=\"noopener\"><em>www.insektensommer.de<\/em><\/a><\/div>\n<div><\/div>\n<div><\/div>\n<div><\/div>\n<div><em>Fragen und Antworten zum Insektensommer: <\/em><\/div>\n<div><\/div>\n<div><em><a href=\"https:\/\/www.nabu.de\/tiere-und-pflanzen\/aktionen-und-projekte\/insektensommer\/aktionsinfos\/24141.html\" target=\"_blank\" rel=\"noopener\">https:\/\/www.nabu.de\/tiere-und-pflanzen\/aktionen-und-projekte\/insektensommer\/aktionsinfos\/24141.html<\/a><\/em><\/div>\n<div><\/div>\n<div><\/div>\n<div><\/div>\n<div><em>Insektentrainer:<u> <\/u><a href=\"http:\/\/www.insektentrainer.de\/\" target=\"_blank\" rel=\"noopener\">www.insektentrainer.de<\/a><\/em><\/div>\n<div><\/div>\n<div><\/div>\n<div><\/div>\n<div><em>Marienk\u00e4fer:<\/em> <a href=\"http:\/\/www.nabu.de\/entdeckungsfrage\" target=\"_blank\" rel=\"noopener\"><em>www.nabu.de\/entdeckungsfrage<\/em><\/a><\/div>\n<div><\/div>\n<div><\/div>\n<div><\/div>\n<div><em>Mehr zu Wespen: <a href=\"https:\/\/www.nabu.de\/tiere-und-pflanzen\/insekten-und-spinnen\/hautfluegler\/wespen-und-hornissen\/01956.html\" target=\"_blank\" rel=\"noopener\">https:\/\/www.nabu.de\/tiere-und-pflanzen\/insekten-und-spinnen\/hautfluegler\/wespen-und-hornissen\/01956.html<\/a><\/em><\/div>\n<div><\/div>\n<div><\/div>\n<div><\/div>\n<div><em>Medieninfos und kostenfreie Pressebilder: <\/em><a href=\"http:\/\/www.nabu.de\/medien-insektensommer\" target=\"_blank\" rel=\"noopener\"><em>www.nabu.de\/medien-insektensommer<\/em><\/a>\u00a0und <a href=\"http:\/\/www.nabu.de\/pressebilder_insektensommer\" target=\"_blank\" rel=\"noopener\"><em>www.nabu.de\/pressebilder_insektensommer<\/em><\/a><\/div>","protected":false},"excerpt":{"rendered":"<p>NABU-PRESSEMITTEILUNG | NR 91\/21 | 30.\u00a0JULI 2021 Umwelt\/Insekten NABU: Kleine Tiere \u2013 gro\u00dfe Zahlen Vom 6. bis 15. August werden beim Insektensommer wieder Sechsbeiner gez\u00e4hlt Berlin \u2013 Schwarzgelb, unbeliebt, aber auch unersetzlich: Wespen haben&#46;&#46;&#46;<\/p>","protected":false},"author":6,"featured_media":4006,"comment_status":"closed","ping_status":"closed","sticky":false,"template":"","format":"standard","meta":{"_lmt_disableupdate":"","_lmt_disable":"","footnotes":""},"categories":[50,28],"tags":[],"class_list":["post-4007","post","type-post","status-publish","format-standard","has-post-thumbnail","hentry","category-biodiversitaet-in-der-ackerlandschaft","category-archiv"],"modified_by":"Ulrich Schwenk","_links":{"self":[{"href":"https:\/\/www.nabu-aachen.de\/en\/wp-json\/wp\/v2\/posts\/4007","targetHints":{"allow":["GET"]}}],"collection":[{"href":"https:\/\/www.nabu-aachen.de\/en\/wp-json\/wp\/v2\/posts"}],"about":[{"href":"https:\/\/www.nabu-aachen.de\/en\/wp-json\/wp\/v2\/types\/post"}],"author":[{"embeddable":true,"href":"https:\/\/www.nabu-aachen.de\/en\/wp-json\/wp\/v2\/users\/6"}],"replies":[{"embeddable":true,"href":"https:\/\/www.nabu-aachen.de\/en\/wp-json\/wp\/v2\/comments?post=4007"}],"version-history":[{"count":1,"href":"https:\/\/www.nabu-aachen.de\/en\/wp-json\/wp\/v2\/posts\/4007\/revisions"}],"predecessor-version":[{"id":4008,"href":"https:\/\/www.nabu-aachen.de\/en\/wp-json\/wp\/v2\/posts\/4007\/revisions\/4008"}],"wp:featuredmedia":[{"embeddable":true,"href":"https:\/\/www.nabu-aachen.de\/en\/wp-json\/wp\/v2\/media\/4006"}],"wp:attachment":[{"href":"https:\/\/www.nabu-aachen.de\/en\/wp-json\/wp\/v2\/media?parent=4007"}],"wp:term":[{"taxonomy":"category","embeddable":true,"href":"https:\/\/www.nabu-aachen.de\/en\/wp-json\/wp\/v2\/categories?post=4007"},{"taxonomy":"post_tag","embeddable":true,"href":"https:\/\/www.nabu-aachen.de\/en\/wp-json\/wp\/v2\/tags?post=4007"}],"curies":[{"name":"wp","href":"https:\/\/api.w.org\/{rel}","templated":true}]}}