{"id":4027,"date":"2021-08-26T11:20:12","date_gmt":"2021-08-26T09:20:12","guid":{"rendered":"https:\/\/www.nabu-aachen.de\/?p=4027"},"modified":"2021-08-31T11:54:53","modified_gmt":"2021-08-31T09:54:53","slug":"zur-batnight-gibt-der-nabu-vier-tipps-fuer-einen-fledermausfreundlichen-garten","status":"publish","type":"post","link":"https:\/\/www.nabu-aachen.de\/en\/zur-batnight-gibt-der-nabu-vier-tipps-fuer-einen-fledermausfreundlichen-garten\/","title":{"rendered":"Zur Batnight gibt der NABU vier Tipps f\u00fcr einen fledermausfreundlichen Garten"},"content":{"rendered":"<div id=\"attachment_4026\" style=\"width: 310px\" class=\"wp-caption alignleft\"><a href=\"https:\/\/www.nabu-aachen.de\/wp-content\/uploads\/2021\/08\/grosses-mausohr.jpg\"><img loading=\"lazy\" decoding=\"async\" aria-describedby=\"caption-attachment-4026\" class=\"wp-image-4026 size-medium\" src=\"https:\/\/www.nabu-aachen.de\/wp-content\/uploads\/2021\/08\/grosses-mausohr-300x200.jpg\" alt=\"\" width=\"300\" height=\"200\" srcset=\"https:\/\/www.nabu-aachen.de\/wp-content\/uploads\/2021\/08\/grosses-mausohr-300x200.jpg 300w, https:\/\/www.nabu-aachen.de\/wp-content\/uploads\/2021\/08\/grosses-mausohr.jpg 1000w, https:\/\/www.nabu-aachen.de\/wp-content\/uploads\/2021\/08\/grosses-mausohr-300x200@2x.jpg 600w\" sizes=\"auto, (max-width: 300px) 100vw, 300px\" \/><\/a><p id=\"caption-attachment-4026\" class=\"wp-caption-text\">Gro\u00dfes Mausohr &#8211; Foto: NABU\/Otto Sch\u00e4fer<\/p><\/div>\n<p>PRESSEMITTEILUNG NABU NRW | NR 47\/21 | 25. August 2021<\/p>\n<p><strong>Umwelt\/Flederm\u00e4use<\/strong><\/p>\n<p><strong>Zur Batnight gibt der NABU vier Tipps f\u00fcr einen fledermausfreundlichen Garten<\/strong><\/p>\n<p><strong>Am 28. und 29. August findet die 25. internationale Nacht der Flederm\u00e4use statt<\/strong><\/p>\n<p><strong>D\u00fcsseldorf\/Berlin \u0096<\/strong> Sie sind im Dunkeln unterwegs, zeigen sich nur selten, ihre waghalsigen Flugman\u00f6ver laufen v\u00f6llig ger\u00e4uschlos ab. Das ist es auch schon, was man normalerweise \u00fcber Flederm\u00e4use wei\u00df. Zur 25. Batnight am 28. und 29. August kann man die Tiere bundesweit bei rund 100 regionalen NABU-Veranstaltungen erleben und ihre faszinierenden Flugk\u00fcnste in der D\u00e4mmerung beobachten. Corona-bedingt f\u00e4llt die Zahl der Veranstaltungen dieses Jahr geringer aus, aber einige Veranstaltungen f\u00fcr die ganze Familie organisieren NABU-Aktive rund um das Wochenende vom 28. und 29. August sowie davor und danach auch in Nordrhein-Westfalen, so in L\u00fcdenscheid, Essen, Olpe und Hilden.<\/p>\n<p>Die internationale Batnight soll hartn\u00e4ckige Vorurteile gegen\u00fcber den \u0084Kobolden der Nacht\u0093 abbauen und auf deren schwierige Situation aufmerksam machen. \u0084Unsere heimischen Flederm\u00e4use sind v\u00f6llig harmlos und sehr n\u00fctzlich, denn sie fressen ausschlie\u00dflich Insekten\u0093, sagt Achim Winkler, Vorstandsmitglied NABU NRW. Probleme bereite ihnen daher das Insektensterben, das sich besonders in diesem kalten Fr\u00fchjahr negativ auf die Best\u00e4nde auswirkt.<\/p>\n<p>\u0084Sie leiden au\u00dferdem zunehmend stark unter Wohnungsnot. Durch die Sanierung und den Abbruch von Geb\u00e4uden, das Abholzen von alten, h\u00f6hlenreihen B\u00e4umen im Zuge einer intensiven forstlichen Nutzung auch der letzten naturnahen W\u00e4lder und einer intensiven Landwirtschaft verlieren Flederm\u00e4use immer mehr ihrer Fortpflanzungs-, Ruhe- und Nahrungshabitate\u0093, erkl\u00e4rt Christian Giese, Fledermausexperte beim NABU NRW. Die Folge: Von den 25 in Deutschland heimischen Arten seien drei akut vom Aussterben bedroht. Vier Arten gelten als stark gef\u00e4hrdet und f\u00fcr weitere bislang ungef\u00e4hrdete Arten wird ein starker R\u00fcckgang prognostiziert. Giese: \u0084Umso wichtiger ist es, mit Aktionen wie der Batnight \u00fcber die Tiere aufzukl\u00e4ren und zu vermitteln, wie ihnen geholfen werden kann. Etwa, indem man seinen Garten fledermausfreundlich gestaltet.\u0093<\/p>\n<p>Der NABU gibt dazu vier Tipps:<\/p>\n<p><strong>Ein Beet als B\u00fcffet:<\/strong> Nachtbl\u00fchende, nektarreiche Bl\u00fctenpflanzen, zum Beispiel Leimkraut, Seifenkraut und Wegwarte, sind ein Feinschmeckerlokal f\u00fcr die Tiere. Durch ihren intensiven Duft locken die Pflanzen Nachfalter an, die Lieblingsspeise vieler Fledermausarten. Je artenreicher der Garten, desto mehr Insekten tummeln sich dort.<\/p>\n<p><strong>Ein Haus f\u00fcr die Fledermaus:<\/strong> H\u00f6hlen und Spalten in und an alten B\u00e4umen, am Geb\u00e4ude, in Kellern oder Kartoffelmieten werden gern als Quartier genutzt. Wo es das nicht gibt, kann Wohnraum geschaffen werden. Ein Fledermausbrett oder ein Flachkasten an der Giebelwand sowie H\u00f6hlenk\u00e4sten werden von den Tieren gerne angenommen. Viele K\u00e4sten lassen sich auch in B\u00e4umen anbringen. Geeignete Fledermausk\u00e4sten gibt es im Fachhandel \u0096 oder man baut sie einfach selbst.<\/p>\n<p><strong>Einen Teich anlegen:<\/strong> Wasser zieht viele Insekten an \u0096 und bietet Flederm\u00e4usen so einen reich gedeckten Tisch.<\/p>\n<p><strong>Garten ohne Gift:<\/strong> Herbizide und Kunstd\u00fcnger haben in einem naturnahen Garten nichts verloren. Wer Flederm\u00e4usen helfen will, setzt auf giftfreies G\u00e4rtnern.<\/p>\n<p>G\u00e4rtnerinnen und G\u00e4rtner, die diese Tipps beherzigen, k\u00f6nnen besonders jetzt im Sp\u00e4tsommer die Flugk\u00fcnste von Zwergfledermaus, Gro\u00dfem Abendsegler &amp; Co. am Abendhimmel bewundern.<\/p>\n<p><em>Mehr Infos<\/em><em>: <\/em><a href=\"http:\/\/www.batnight.de\/\"><em>www.batnight.de<\/em><\/a><\/p>\n<p><em>Infos und Termine zur Batnight in NRW: <\/em><a href=\"https:\/\/nrw.nabu.de\/tiere-und-pflanzen\/saeugetiere\/fledermaeuse\/batnight\/index.html\"><em>https:\/\/nrw.nabu.de\/tiere-und-pflanzen\/saeugetiere\/fledermaeuse\/batnight\/index.html<\/em><\/a><em> \u00a0<\/em><\/p>\n<p><em>Pressebilder unter <\/em><a href=\"http:\/\/www.nabu.de\/pressebilder_fledermaus\"><em>www.NABU.de\/pressebilder_fledermaus<\/em><\/a> <em>\u00a0<\/em><\/p>\n<p><em>Mehr Information zu Flederm\u00e4usen in NRW: <\/em><a href=\"https:\/\/www.fledermausschutz.de\/\"><em>https:\/\/www.fledermausschutz.de\/<\/em><\/a><\/p>\n<p><em>Fledermausfreundlich g\u00e4rtnern:<\/em> <a href=\"http:\/\/www.nabu.de\/fledermausgarten\"><em>www.NABU.de\/fledermausgarten<\/em><\/a><\/p>","protected":false},"excerpt":{"rendered":"<p>PRESSEMITTEILUNG NABU NRW | NR 47\/21 | 25. August 2021 Umwelt\/Flederm\u00e4use Zur Batnight gibt der NABU vier Tipps f\u00fcr einen fledermausfreundlichen Garten Am 28. und 29. August findet die 25. internationale Nacht der Flederm\u00e4use&#46;&#46;&#46;<\/p>","protected":false},"author":6,"featured_media":4025,"comment_status":"closed","ping_status":"closed","sticky":false,"template":"","format":"standard","meta":{"_lmt_disableupdate":"","_lmt_disable":"","footnotes":""},"categories":[2],"tags":[],"class_list":["post-4027","post","type-post","status-publish","format-standard","has-post-thumbnail","hentry","category-aktuelles"],"modified_by":"Ulrich Schwenk","_links":{"self":[{"href":"https:\/\/www.nabu-aachen.de\/en\/wp-json\/wp\/v2\/posts\/4027","targetHints":{"allow":["GET"]}}],"collection":[{"href":"https:\/\/www.nabu-aachen.de\/en\/wp-json\/wp\/v2\/posts"}],"about":[{"href":"https:\/\/www.nabu-aachen.de\/en\/wp-json\/wp\/v2\/types\/post"}],"author":[{"embeddable":true,"href":"https:\/\/www.nabu-aachen.de\/en\/wp-json\/wp\/v2\/users\/6"}],"replies":[{"embeddable":true,"href":"https:\/\/www.nabu-aachen.de\/en\/wp-json\/wp\/v2\/comments?post=4027"}],"version-history":[{"count":2,"href":"https:\/\/www.nabu-aachen.de\/en\/wp-json\/wp\/v2\/posts\/4027\/revisions"}],"predecessor-version":[{"id":4034,"href":"https:\/\/www.nabu-aachen.de\/en\/wp-json\/wp\/v2\/posts\/4027\/revisions\/4034"}],"wp:featuredmedia":[{"embeddable":true,"href":"https:\/\/www.nabu-aachen.de\/en\/wp-json\/wp\/v2\/media\/4025"}],"wp:attachment":[{"href":"https:\/\/www.nabu-aachen.de\/en\/wp-json\/wp\/v2\/media?parent=4027"}],"wp:term":[{"taxonomy":"category","embeddable":true,"href":"https:\/\/www.nabu-aachen.de\/en\/wp-json\/wp\/v2\/categories?post=4027"},{"taxonomy":"post_tag","embeddable":true,"href":"https:\/\/www.nabu-aachen.de\/en\/wp-json\/wp\/v2\/tags?post=4027"}],"curies":[{"name":"wp","href":"https:\/\/api.w.org\/{rel}","templated":true}]}}