{"id":4255,"date":"2021-12-09T18:39:28","date_gmt":"2021-12-09T17:39:28","guid":{"rendered":"https:\/\/www.nabu-aachen.de\/?p=4255"},"modified":"2021-12-10T10:23:49","modified_gmt":"2021-12-10T09:23:49","slug":"vom-apfel-am-baum-bis-zum-apfelsaft-auf-dem-tisch-obsternte-2021","status":"publish","type":"post","link":"https:\/\/www.nabu-aachen.de\/en\/vom-apfel-am-baum-bis-zum-apfelsaft-auf-dem-tisch-obsternte-2021\/","title":{"rendered":"Vom Apfel am Baum bis zum Apfelsaft auf dem Tisch \u2013 Obsternte 2021"},"content":{"rendered":"<p><strong>Vom Apfel am Baum bis zum Apfelsaft auf dem Tisch \u2013 Obsternte 2021<\/strong><\/p>\n<p><strong>Auch in diesem Jahr konnten wieder mehrere Tonnen \u00c4pfel von unseren Streuobstwiesen geerntet und zu leckerem Apfelsaft gepresst werden.<\/strong><\/p>\n<p>Der NABU-Stadtverband Aachen e.V. und die NABU-Naturschutzstation Aachen setzen sich seit Jahren f\u00fcr den Erhalt des Lebensraums Streuobstwiese ein. Neben den verschiedenen Apfel-, Birnen-, Pflaumen- und Kirschb\u00e4umen finden sich auf unseren Streuobstwiesen zahlreiche Pflanzen- und Tierarten, die aus der intensiv genutzten Landschaft inzwischen verschwunden sind: Der Steinkauz nutzt nat\u00fcrliche H\u00f6hlen in Obstgeh\u00f6lzen, der kleine Feuerfalter ben\u00f6tigt das Vorkommen von Ampfer-Arten (z.B. der kleine Sauerampfer oder Wiesen-Sauerampfer), die wiederum von einem extensiven Management der Obstwiesen profitieren.<\/p>\n<p>Mit zahlreicher Unterst\u00fctzung von NABU-Mitgliedern und weiteren Ehrenamtlichen konnten Ende September und Mitte Oktober wieder die NABU-eigenen Obstwiesen wie z.B. am T\u00fcrmchen oder Finkenhag, abgeerntet werden. Insgesamt wurden so in diesem Jahr ca. 5 t \u00c4pfel gesammelt.<\/p>\n<p>In Zusammenarbeit mit der BiNE e.V. (<a href=\"https:\/\/bine-ev.jimdo.com\/\">Arbeitsgemeinschaft Bildung f\u00fcr Nachhaltige Entwicklung e.V.<\/a>) aus der St\u00e4dteregion Aachen wurden die \u00c4pfel im Anschluss gepresst und in die bekannten 5l Bag-In-Box-Verpackungen abgef\u00fcllt. Ohne jegliche Zus\u00e4tze ist der Saft so f\u00fcr \u00fcber ein Jahr haltbar und da beim Abzapfen in den Beutel keine Luft eintritt auch ge\u00f6ffnet f\u00fcr mehrere Wochen frisch.<\/p>\n<div id=\"attachment_4254\" style=\"width: 1010px\" class=\"wp-caption aligncenter\"><img loading=\"lazy\" decoding=\"async\" aria-describedby=\"caption-attachment-4254\" class=\"size-large wp-image-4254\" src=\"https:\/\/www.nabu-aachen.de\/wp-content\/uploads\/2021\/12\/img-20210925-wa0013_marc-1000x667.jpg\" alt=\"\" width=\"1000\" height=\"667\" srcset=\"https:\/\/www.nabu-aachen.de\/wp-content\/uploads\/2021\/12\/img-20210925-wa0013_marc-1000x667.jpg 1000w, https:\/\/www.nabu-aachen.de\/wp-content\/uploads\/2021\/12\/img-20210925-wa0013_marc-300x200.jpg 300w, https:\/\/www.nabu-aachen.de\/wp-content\/uploads\/2021\/12\/img-20210925-wa0013_marc-1536x1024.jpg 1536w, https:\/\/www.nabu-aachen.de\/wp-content\/uploads\/2021\/12\/img-20210925-wa0013_marc.jpg 1620w, https:\/\/www.nabu-aachen.de\/wp-content\/uploads\/2021\/12\/img-20210925-wa0013_marc-300x200@2x.jpg 600w\" sizes=\"auto, (max-width: 1000px) 100vw, 1000px\" \/><p id=\"caption-attachment-4254\" class=\"wp-caption-text\">Streuobsternte am Finkenhag &#8211; Foto: Marc Hoffmeister<\/p><\/div>\n<p>Abb. Obsternte auf der NABU-Streuobstwiese am Finkenhag. Die Fl\u00e4che wurde 2001 durch den NABU als Streuobstwiese angelegt. Im ersten Schritt werden die \u00c4pfel von den B\u00e4umen ger\u00fcttelt. (Foto: Marc Hoffmeister)<\/p>\n<div id=\"attachment_4253\" style=\"width: 1010px\" class=\"wp-caption alignnone\"><img loading=\"lazy\" decoding=\"async\" aria-describedby=\"caption-attachment-4253\" class=\"size-large wp-image-4253\" src=\"https:\/\/www.nabu-aachen.de\/wp-content\/uploads\/2021\/12\/20211016_140427_at-1000x750.jpg\" alt=\"\" width=\"1000\" height=\"750\" srcset=\"https:\/\/www.nabu-aachen.de\/wp-content\/uploads\/2021\/12\/20211016_140427_at-1000x750.jpg 1000w, https:\/\/www.nabu-aachen.de\/wp-content\/uploads\/2021\/12\/20211016_140427_at-300x225.jpg 300w, https:\/\/www.nabu-aachen.de\/wp-content\/uploads\/2021\/12\/20211016_140427_at-1536x1152.jpg 1536w, https:\/\/www.nabu-aachen.de\/wp-content\/uploads\/2021\/12\/20211016_140427_at.jpg 2000w, https:\/\/www.nabu-aachen.de\/wp-content\/uploads\/2021\/12\/20211016_140427_at-300x225@2x.jpg 600w\" sizes=\"auto, (max-width: 1000px) 100vw, 1000px\" \/><p id=\"caption-attachment-4253\" class=\"wp-caption-text\">Streuobsternte am T\u00fcrmchen &#8211; Foto: Alexander Terstegge<\/p><\/div>\n<p>Abb.: Obsternte auf der NABU-Streuobstwiese am T\u00fcrmchen. Nach dem Sch\u00fctteln der B\u00e4ume werden die heruntergefallenen \u00c4pfel aufgesammelt. (Foto: Alexander Terstegge)<\/p>\n<p>Ein gro\u00dfer Dank gilt allen Ehrenamtlichen, der BiNE e.V. und Familie Veith am Gut Hasselholz f\u00fcr die super Zusammenarbeit bei der Obsternte und -versaftung.<\/p>\n<p><strong>Wer Interesse hat oder noch ein wunderbares Weihnachtsgeschenk ben\u00f6tigt, kann den leckeren Apfelsaft von unseren heimischen Streuobstwiesen in der NABU-Gesch\u00e4ftsstelle am Preusweg 128a abholen (10 Euro f\u00fcr 5 Liter, 8 Euro f\u00fcr NABU-Mitglieder, Terminabsprache unter info@nabu-aachen.de oder 0241-870891). Unsere Gesch\u00e4ftszeiten sind: Montag 14:00 \u2013 16:30 Uhr, Donnerstag 14:30 \u2013 17:30 Uhr<\/strong><\/p>","protected":false},"excerpt":{"rendered":"<p>Vom Apfel am Baum bis zum Apfelsaft auf dem Tisch \u2013 Obsternte 2021 Auch in diesem Jahr konnten wieder mehrere Tonnen \u00c4pfel von unseren Streuobstwiesen geerntet und zu leckerem Apfelsaft gepresst werden. Der NABU-Stadtverband&#46;&#46;&#46;<\/p>","protected":false},"author":6,"featured_media":4257,"comment_status":"closed","ping_status":"closed","sticky":false,"template":"","format":"standard","meta":{"_lmt_disableupdate":"","_lmt_disable":"","footnotes":""},"categories":[2,69,54,62],"tags":[],"class_list":["post-4255","post","type-post","status-publish","format-standard","has-post-thumbnail","hentry","category-aktuelles","category-obstwiese-tuermchen","category-obstwiesen","category-steinkauz"],"modified_by":"Ulrich Schwenk","_links":{"self":[{"href":"https:\/\/www.nabu-aachen.de\/en\/wp-json\/wp\/v2\/posts\/4255","targetHints":{"allow":["GET"]}}],"collection":[{"href":"https:\/\/www.nabu-aachen.de\/en\/wp-json\/wp\/v2\/posts"}],"about":[{"href":"https:\/\/www.nabu-aachen.de\/en\/wp-json\/wp\/v2\/types\/post"}],"author":[{"embeddable":true,"href":"https:\/\/www.nabu-aachen.de\/en\/wp-json\/wp\/v2\/users\/6"}],"replies":[{"embeddable":true,"href":"https:\/\/www.nabu-aachen.de\/en\/wp-json\/wp\/v2\/comments?post=4255"}],"version-history":[{"count":3,"href":"https:\/\/www.nabu-aachen.de\/en\/wp-json\/wp\/v2\/posts\/4255\/revisions"}],"predecessor-version":[{"id":4266,"href":"https:\/\/www.nabu-aachen.de\/en\/wp-json\/wp\/v2\/posts\/4255\/revisions\/4266"}],"wp:featuredmedia":[{"embeddable":true,"href":"https:\/\/www.nabu-aachen.de\/en\/wp-json\/wp\/v2\/media\/4257"}],"wp:attachment":[{"href":"https:\/\/www.nabu-aachen.de\/en\/wp-json\/wp\/v2\/media?parent=4255"}],"wp:term":[{"taxonomy":"category","embeddable":true,"href":"https:\/\/www.nabu-aachen.de\/en\/wp-json\/wp\/v2\/categories?post=4255"},{"taxonomy":"post_tag","embeddable":true,"href":"https:\/\/www.nabu-aachen.de\/en\/wp-json\/wp\/v2\/tags?post=4255"}],"curies":[{"name":"wp","href":"https:\/\/api.w.org\/{rel}","templated":true}]}}