{"id":5344,"date":"2023-01-18T18:44:48","date_gmt":"2023-01-18T17:44:48","guid":{"rendered":"https:\/\/www.nabu-aachen.de\/?p=5344"},"modified":"2023-01-19T11:05:31","modified_gmt":"2023-01-19T10:05:31","slug":"naturschutzgebiet-in-gefahr","status":"publish","type":"post","link":"https:\/\/www.nabu-aachen.de\/en\/naturschutzgebiet-in-gefahr\/","title":{"rendered":"<strong>Naturschutzgebiet in Gefahr?<\/strong>"},"content":{"rendered":"<h3><strong>Naturschutzgebiet in Gefahr?<\/strong><\/h3>\n<p><strong>Vorkaufsrecht der Naturschutzverb\u00e4nde missachtet<\/strong><\/p>\n<p style=\"font-weight: 400;\">Aachen \u2013 Das Naturschutzgebiet (NSG) Seffent mit den Sieben Quellen und dem Wilkensberg d\u00fcrfte vielen Aachener*innen bekannt sein, denn es ist ein beliebtes Ausflugsziel zum Spazierengehen. Natursch\u00fctzer*innen betonen au\u00dferdem seinen Wert f\u00fcr den Schutz des alten Baumbestandes sowie einzigartiger Strukturen und Arten: So tritt durch eine geologische Besonderheit in den sogenannten Quellt\u00f6pfen der Sieben Quellen Wasser an die Oberfl\u00e4che. In diesen Quellt\u00f6pfen haben sich bspw. sch\u00fctzenswerte Wasserpflanzen sowie der seltene H\u00f6hlenflohkrebs angesiedelt.<\/p>\n<p style=\"font-weight: 400;\">Eher zuf\u00e4llig erfuhr der NABU Aachen nun, dass der Bau- und Liegenschaftsbetrieb NRW (BLB) gro\u00dfe Teile des NSG an die Campus GmbH verkauft hat. Ulrich Schwenk, zweiter Vorsitzender des NABU Aachen, kritisiert, nicht \u00fcber die Verkaufspl\u00e4ne informiert worden zu sein: \u201eDie anerkannten Naturschutzverb\u00e4nde haben ein gesetzliches Vorkaufsrecht bei NSG-Fl\u00e4chen. Wenn wir jedoch nicht \u00fcber einen Verkauf informiert werden, k\u00f6nnen wir ihn nicht pr\u00fcfen und unser Recht nicht aus\u00fcben.\u201c Der NABU hat das Umweltministerium daher gebeten, die gesetzlich vorgeschriebenen Vorkaufsrechte sicherzustellen und den Eigentums\u00fcbertrag an die Campus GmbH zu stoppen.<\/p>\n<p style=\"font-weight: 400;\">Das Gebiet war bereits j\u00fcngst wegen umstrittener Baumf\u00e4llungen und einem Zaunbau, der neue Baumpflanzungen sch\u00fctzen soll, Thema in der Presse. Der laut Presse auf Veranlassung des staatlichen Forstamtes vom BLB errichtete Zaun ist jedoch nicht nur aus Sicht zahlreicher B\u00fcrger*innen, sondern auch in den Augen des NABU eine \u00e4u\u00dferst zweifelhafte Ma\u00dfnahme. Schwenk: \u201eDer Zaun zerst\u00f6rt die Eigenart und \u00c4sthetik des Gebiets. Auch die Begr\u00fcndung f\u00fcr den Bau ist nicht nachvollziehbar. Es gibt wirkungsvolle Ma\u00dfnahmen, Einzelb\u00e4ume zu sch\u00fctzen, die deutlich weniger invasiv und zudem effektiver sind.\u201c Die Ma\u00dfnahme sei damit auch nach Auffassung des NABU zweifelhaft und eine Ordnungswidrigkeit, da weder die Naturschutzverb\u00e4nde noch der Naturschutzbeirat der Stadt beteiligt wurden, noch eine Befreiung der unteren Naturschutzbeh\u00f6rde der Stadt vorliege und auch nicht begr\u00fcndbar w\u00e4re.<\/p>\n<p style=\"font-weight: 400;\">\u201eDem NSG fehlt es an einem Gesamtkonzept\u201c, so Schwenk. Bspw. m\u00fcssten die Besucher*innen besser gelenkt und der Eintrag von Sedimenten in die wertvollen Quellt\u00f6pfe gestoppt werden. Ziel sollte sein, dass die einzigartige Natur erhalten und gleichzeitig von den Aachener*innen heute wie in Zukunft besucht und erlebt werden kann, ohne die Schutzziele des NSG zu gef\u00e4hrden. Der NABU weist in diesem Zusammenhang darauf hin, dass ganz unabh\u00e4ngig von Z\u00e4unen hier \u2013 wie in allen NSG \u2013 die Verpflichtung besteht, auf den Wegen zu bleiben und Hunde an die Leine zu nehmen.<\/p>\n<p style=\"font-weight: 400;\">Der NABU Aachen hat jedoch die begr\u00fcndete Sorge, dass es in der Betreuung des Gebiets an der naturschutzfachlichen Kompetenz fehlt, um es in seiner Eigenart und Besonderheit f\u00fcr zuk\u00fcnftige Generationen zu erhalten. Der NABU Aachen wendete sich daher mit einem Brief direkt an das Umweltministerium, um zu fordern, dass die Landesfl\u00e4che stattdessen in die Obhut der Bezirksregierung K\u00f6ln gelangt oder bei einem Verkauf den Naturschutzverb\u00e4nden angeboten wird.<\/p>\n<p style=\"font-weight: 400;\">\n<p style=\"font-weight: 400;\">Link zum \u00a7 74 Landesnaturschutzgesetz NRW (LNatSchG), in dem der \u00a7 66 des Bundesnaturschutzgesetzes (BNatSchG) zu den Vorkaufsrechten der Naturschutzverb\u00e4nde und landesweit t\u00e4tigen Naturschutzstiftungen, z.B. der NABU-Stiftung Naturerbe NRW, umgesetzt wird (Absatz 3):<\/p>\n<p style=\"font-weight: 400;\">\n<p style=\"font-weight: 400;\"><a href=\"http:\/\/www.lexsoft.de\/cgi-bin\/lexsoft\/justizportal_nrw.cgi?xid=167116,94\">http:\/\/www.lexsoft.de\/cgi-bin\/lexsoft\/justizportal_nrw.cgi?xid=167116,94<\/a><\/p>\n<p style=\"font-weight: 400;\">\n<p style=\"font-weight: 400;\">Zur Veranlassung des Zaunbaus durch \u201eWald und Holz NRW\u201c: AZ\/AN vom 13.1.2023, Seite 15<\/p>\n<div id=\"attachment_5343\" style=\"width: 310px\" class=\"wp-caption aligncenter\"><a href=\"https:\/\/www.nabu-aachen.de\/wp-content\/uploads\/2023\/01\/zaun_siebenquellen_20221221_hdtv.jpg\"><img loading=\"lazy\" decoding=\"async\" aria-describedby=\"caption-attachment-5343\" class=\"size-medium wp-image-5343\" src=\"https:\/\/www.nabu-aachen.de\/wp-content\/uploads\/2023\/01\/zaun_siebenquellen_20221221_hdtv-300x225.jpg\" alt=\"\" width=\"300\" height=\"225\" srcset=\"https:\/\/www.nabu-aachen.de\/wp-content\/uploads\/2023\/01\/zaun_siebenquellen_20221221_hdtv-300x225.jpg 300w, https:\/\/www.nabu-aachen.de\/wp-content\/uploads\/2023\/01\/zaun_siebenquellen_20221221_hdtv-1000x750.jpg 1000w, https:\/\/www.nabu-aachen.de\/wp-content\/uploads\/2023\/01\/zaun_siebenquellen_20221221_hdtv-1536x1152.jpg 1536w, https:\/\/www.nabu-aachen.de\/wp-content\/uploads\/2023\/01\/zaun_siebenquellen_20221221_hdtv.jpg 2000w, https:\/\/www.nabu-aachen.de\/wp-content\/uploads\/2023\/01\/zaun_siebenquellen_20221221_hdtv-300x225@2x.jpg 600w\" sizes=\"auto, (max-width: 300px) 100vw, 300px\" \/><\/a><p id=\"caption-attachment-5343\" class=\"wp-caption-text\">Zaun bei Siebenquellen &#8211; Foto: Prof. Dr. Hermann Wagner<\/p><\/div>\n<div id=\"attachment_5346\" style=\"width: 310px\" class=\"wp-caption aligncenter\"><a href=\"https:\/\/www.nabu-aachen.de\/wp-content\/uploads\/2023\/01\/westliches-quellbecken.jpg\"><img loading=\"lazy\" decoding=\"async\" aria-describedby=\"caption-attachment-5346\" class=\"size-medium wp-image-5346\" src=\"https:\/\/www.nabu-aachen.de\/wp-content\/uploads\/2023\/01\/westliches-quellbecken-300x180.jpg\" alt=\"\" width=\"300\" height=\"180\" srcset=\"https:\/\/www.nabu-aachen.de\/wp-content\/uploads\/2023\/01\/westliches-quellbecken-300x180.jpg 300w, https:\/\/www.nabu-aachen.de\/wp-content\/uploads\/2023\/01\/westliches-quellbecken-1000x600.jpg 1000w, https:\/\/www.nabu-aachen.de\/wp-content\/uploads\/2023\/01\/westliches-quellbecken-1536x922.jpg 1536w, https:\/\/www.nabu-aachen.de\/wp-content\/uploads\/2023\/01\/westliches-quellbecken-2048x1229.jpg 2048w, https:\/\/www.nabu-aachen.de\/wp-content\/uploads\/2023\/01\/westliches-quellbecken-300x180@2x.jpg 600w\" sizes=\"auto, (max-width: 300px) 100vw, 300px\" \/><\/a><p id=\"caption-attachment-5346\" class=\"wp-caption-text\">Siebenquellen, westliches Quellbecken &#8211; Dietmar Kottmann<\/p><\/div>","protected":false},"excerpt":{"rendered":"<p>Naturschutzgebiet in Gefahr? Vorkaufsrecht der Naturschutzverb\u00e4nde missachtet Aachen \u2013 Das Naturschutzgebiet (NSG) Seffent mit den Sieben Quellen und dem Wilkensberg d\u00fcrfte vielen Aachener*innen bekannt sein, denn es ist ein beliebtes Ausflugsziel zum Spazierengehen. Natursch\u00fctzer*innen&#46;&#46;&#46;<\/p>","protected":false},"author":6,"featured_media":5346,"comment_status":"closed","ping_status":"closed","sticky":false,"template":"","format":"standard","meta":{"_lmt_disableupdate":"","_lmt_disable":"","footnotes":""},"categories":[2,51,92],"tags":[],"class_list":["post-5344","post","type-post","status-publish","format-standard","has-post-thumbnail","hentry","category-aktuelles","category-landschafts-und-flaechennutzungsplan","category-naturschutz"],"modified_by":"Ulrich Schwenk","_links":{"self":[{"href":"https:\/\/www.nabu-aachen.de\/en\/wp-json\/wp\/v2\/posts\/5344","targetHints":{"allow":["GET"]}}],"collection":[{"href":"https:\/\/www.nabu-aachen.de\/en\/wp-json\/wp\/v2\/posts"}],"about":[{"href":"https:\/\/www.nabu-aachen.de\/en\/wp-json\/wp\/v2\/types\/post"}],"author":[{"embeddable":true,"href":"https:\/\/www.nabu-aachen.de\/en\/wp-json\/wp\/v2\/users\/6"}],"replies":[{"embeddable":true,"href":"https:\/\/www.nabu-aachen.de\/en\/wp-json\/wp\/v2\/comments?post=5344"}],"version-history":[{"count":3,"href":"https:\/\/www.nabu-aachen.de\/en\/wp-json\/wp\/v2\/posts\/5344\/revisions"}],"predecessor-version":[{"id":5349,"href":"https:\/\/www.nabu-aachen.de\/en\/wp-json\/wp\/v2\/posts\/5344\/revisions\/5349"}],"wp:featuredmedia":[{"embeddable":true,"href":"https:\/\/www.nabu-aachen.de\/en\/wp-json\/wp\/v2\/media\/5346"}],"wp:attachment":[{"href":"https:\/\/www.nabu-aachen.de\/en\/wp-json\/wp\/v2\/media?parent=5344"}],"wp:term":[{"taxonomy":"category","embeddable":true,"href":"https:\/\/www.nabu-aachen.de\/en\/wp-json\/wp\/v2\/categories?post=5344"},{"taxonomy":"post_tag","embeddable":true,"href":"https:\/\/www.nabu-aachen.de\/en\/wp-json\/wp\/v2\/tags?post=5344"}],"curies":[{"name":"wp","href":"https:\/\/api.w.org\/{rel}","templated":true}]}}