{"id":6135,"date":"2024-02-06T12:09:42","date_gmt":"2024-02-06T11:09:42","guid":{"rendered":"https:\/\/www.nabu-aachen.de\/?p=6135"},"modified":"2025-02-19T17:07:04","modified_gmt":"2025-02-19T16:07:04","slug":"lichtverschmutzung-in-aachen-ein-mitmachprojekt","status":"publish","type":"post","link":"https:\/\/www.nabu-aachen.de\/en\/lichtverschmutzung-in-aachen-ein-mitmachprojekt\/","title":{"rendered":"Lichtverschmutzung in Aachen &#8211; Ein Mitmachprojekt"},"content":{"rendered":"<p>Die Tage sind kurz und wir schalten oft das Licht an. Wir haben uns daran gew\u00f6hnt, dass Strom und Licht immer verf\u00fcgbar sind, aber Aufnahmen aus dem Weltall zeigen auch eine gigantische Lichtver\u00adschmutzung. Dies ist nicht nur f\u00fcr das menschliche Wohlbefinden und den Energieverbrauch pro\u00adblematisch, sondern auch f\u00fcr unsere Tierwelt. So ger\u00e4t der Biorhythmus nicht nur von V\u00f6geln durch\u00adeinander, Flederm\u00e4use m\u00fcssen ausgeleuchtete Quartiere aufgeben oder Insekten kommen an Stra\u00dfenlaternen um. Deshalb stellt sich die Frage, wie wir verantwortungsvoll mit dem von uns produzierten Licht umgehen. Das gilt f\u00fcr alle Privatleute, aber auch f\u00fcr die \u00f6ffent\u00adliche Hand. Erfreulicherweise rangiert Aachen laut einem Artikel der Aachener Zeitung zwar im Bitkom Smart City Index 2023 in der Spitzengruppe bei dem Indikator \u201eIntelligente Stra\u00dfenbeleuch\u00adtung\u201c (AZ 18.10.2023). Da es sich aber um ein relatives Ranking handelt, sind wir der Meinung, dass auch hier noch Verbesserungen m\u00f6glich sind.<\/p>\n\n\n\n<p>Beobachtungen, die sich \u00fcber mehr als ein Jahr erstrecken, haben z. B. ergeben, dass die Stra\u00dfen\u00adbeleuchtung zumindest an den beobachteten Stellen im Aachener Zentrum und Westen so fr\u00fch ein- bzw. ausgeschaltet wird, dass man es nur bei genauem Hinsehen bemerkt. Es ist dann also noch bzw. schon sehr hell (eine genauere Beschreibung kann auf der Homepage des NABU aufgerufen werden). Au\u00dferdem bleibt nach den bisherigen Beobachtungen die Stra\u00dfenbeleuchtung w\u00e4hrend der gesamten Nacht gleich hell. Durch gezieltes Dimmen der LED-Leuchten k\u00f6nnten nicht nur der Energieverbrauch und damit die Betriebskosten signifikant vermindert werden, ohne auf Komfort und Sicherheit zu verzichten, sondern eine geringere Beleuchtung in Kombination mit der richtigen Lichtfarbe reduziert die Lichtverschmutzung und auch die Verluste von nachtaktiven Insekten, V\u00f6gel und Flederm\u00e4usen deutlich.<\/p>\n\n\n\n<p><strong>Da solche Beobachtungen aber bisher nur sehr bruchst\u00fcckhaft sind, initiiert der NABU ein Mitmach\u00adprojekt zur Stra\u00dfenbeleuchtung. Wir fordern die B\u00fcrgerinnen und B\u00fcrger auf, zu melden wann in ihrer Stra\u00dfe die Stra\u00dfenbeleuchtung an- und abgeschaltet wird (mit Angabe des Namens der Stra\u00dfe, des Tages und des Zeitpunktes) und ob sie das Gef\u00fchl haben, dass das Stra\u00dfenlicht zu fr\u00fch bzw. zu sp\u00e4t ein- und ausgeschaltet wird und es in der Nacht auf den Stra\u00dfen zu hell oder zu dunkel ist. Um mitzumachen, klicken Sie bitte auf diesen Link und f\u00fcllen Sie den folgenden Fragebogen aus: &nbsp;<a href=\"https:\/\/docs.google.com\/forms\/d\/e\/1FAIpQLSd490LEGVtLv3bZo_5Kos1-o7wYovPjMHVo7n8i5aiXKEN6SQ\/viewform\">https:\/\/docs.google.com\/forms\/d\/e\/1FAIpQLSd490LEGVtLv3bZo_5Kos1-o7wYovPjMHVo7n8i5aiXKEN6SQ\/viewform<\/a><\/strong><\/p>\n\n\n\n<p><strong>Ihre Meinung ist uns wichtig! <\/strong><strong>Das Ausf\u00fcllen dau<\/strong><strong>ert nicht mehr als 3-5 Minuten. Der NABU w\u00fcrde sich \u00fcber eine rege Beteiligung sehr freuen. Unter allen Teilnehmer*innen verlosen wir zehn Energiesparlampen (jeweils eine pro positivem Los).<\/strong><\/p>\n\n\n\n<p>Der NABU wird die Meldungen auswerten und ver\u00f6ffentlichen. Auch die Teilnehmer*innen werden \u00fcber die Ergebnisse informiert. Wir haben schon erlebt, dass die Stadt und die Regionetz positiv auf Meldungen von B\u00fcrger*innen reagiert haben und die Stra\u00dfenbeleuchtung z.&nbsp;B. im Seffenter Weg zeitlich und in der Eupener Stra\u00dfe und im Steppenberg lichtst\u00e4rkem\u00e4\u00dfig angepasst haben. Mit dieser Aktion soll niemand in ein schlechtes Licht ger\u00fcckt werden und auch die Sicherheit der B\u00fcrger*innen nicht gef\u00e4hrdet werden. Vielmehr wollen wir die Aufmerksamkeit auf ein Problem lenken, das in den letzten Jahren immer dringlicher geworden ist. Durch dieses Mitmachprojekt wollen wir herausfinden, was die B\u00fcrger*innen der Stadt Aachen wollen. Wir glauben, dass viele B\u00fcrger*innen die Licht\u00adverschmutzung reduzieren wollen, sei es durch Anpassung der Schaltzeiten oder der Beleuchtungs\u00adst\u00e4rke oder durch die Einf\u00fchrung von Dimmprotokollen. Das Projekt soll ein Beitrag sein, die Stadt nachhaltiger und \u00f6kologischer zu gestalten. Es kann aber auch der Stadt helfen Geld zu sparen (vermutlich mehrere 10.000 \u20ac).<\/p>\n\n\n\n<p>Quellen und weiterf\u00fchrende Informationen zu Lichtverschmutzung:<\/p>\n\n\n\n<p><a href=\"https:\/\/www.nabu.de\/wir-ueber-uns\/infothek\/mitgliedermagazin\/archiv\/06891.html\" target=\"_blank\" rel=\"noreferrer noopener\">https:\/\/www.nabu.de\/wir-ueber-uns\/infothek\/mitgliedermagazin\/archiv\/06891.html<\/a><\/p>\n\n\n\n<p><a href=\"https:\/\/www.nabu.de\/imperia\/md\/content\/nabude\/energie\/20201202-nabu-flyer-stadtbeleuchtung.pdf\" target=\"_blank\" rel=\"noreferrer noopener\">https:\/\/www.nabu.de\/imperia\/md\/content\/nabude\/energie\/20201202-nabu-flyer-stadtbeleuchtung.pdf<\/a><\/p>\n\n\n\n<p><a href=\"https:\/\/www.igb-berlin.de\/news\/lichtverschmutzung-unterdrueckt-dunkelhormon-melatonin-bei-mensch-und-tier\" target=\"_blank\" rel=\"noreferrer noopener\">https:\/\/www.igb-berlin.de\/news\/lichtverschmutzung-unterdrueckt-dunkelhormon-melatonin-bei-mensch-und-tier<\/a><\/p>\n\n\n\n<p><a href=\"https:\/\/www.apotheken-umschau.de\/gesund-bleiben\/klima\/wie-wirkt-sich-lichtverschmutzung-auf-unseren-schlaf-aus-916525.html\" target=\"_blank\" rel=\"noreferrer noopener\">https:\/\/www.apotheken-umschau.de\/gesund-bleiben\/klima\/wie-wirkt-sich-lichtverschmutzung-auf-unseren-schlaf-aus-916525.html<\/a><\/p>\n\n\n\n<p><\/p>\n\n\n\n<p><\/p>","protected":false},"excerpt":{"rendered":"<p>Die Tage sind kurz und wir schalten oft das Licht an. Wir haben uns daran gew\u00f6hnt, dass Strom und Licht immer verf\u00fcgbar sind, aber Aufnahmen aus dem Weltall zeigen auch eine gigantische Lichtver\u00adschmutzung. Dies&#46;&#46;&#46;<\/p>","protected":false},"author":3,"featured_media":6861,"comment_status":"closed","ping_status":"closed","sticky":false,"template":"","format":"standard","meta":{"_lmt_disableupdate":"no","_lmt_disable":"","footnotes":""},"categories":[28],"tags":[],"class_list":["post-6135","post","type-post","status-publish","format-standard","has-post-thumbnail","hentry","category-archiv"],"modified_by":"Ulrich Schwenk","_links":{"self":[{"href":"https:\/\/www.nabu-aachen.de\/en\/wp-json\/wp\/v2\/posts\/6135","targetHints":{"allow":["GET"]}}],"collection":[{"href":"https:\/\/www.nabu-aachen.de\/en\/wp-json\/wp\/v2\/posts"}],"about":[{"href":"https:\/\/www.nabu-aachen.de\/en\/wp-json\/wp\/v2\/types\/post"}],"author":[{"embeddable":true,"href":"https:\/\/www.nabu-aachen.de\/en\/wp-json\/wp\/v2\/users\/3"}],"replies":[{"embeddable":true,"href":"https:\/\/www.nabu-aachen.de\/en\/wp-json\/wp\/v2\/comments?post=6135"}],"version-history":[{"count":2,"href":"https:\/\/www.nabu-aachen.de\/en\/wp-json\/wp\/v2\/posts\/6135\/revisions"}],"predecessor-version":[{"id":6863,"href":"https:\/\/www.nabu-aachen.de\/en\/wp-json\/wp\/v2\/posts\/6135\/revisions\/6863"}],"wp:featuredmedia":[{"embeddable":true,"href":"https:\/\/www.nabu-aachen.de\/en\/wp-json\/wp\/v2\/media\/6861"}],"wp:attachment":[{"href":"https:\/\/www.nabu-aachen.de\/en\/wp-json\/wp\/v2\/media?parent=6135"}],"wp:term":[{"taxonomy":"category","embeddable":true,"href":"https:\/\/www.nabu-aachen.de\/en\/wp-json\/wp\/v2\/categories?post=6135"},{"taxonomy":"post_tag","embeddable":true,"href":"https:\/\/www.nabu-aachen.de\/en\/wp-json\/wp\/v2\/tags?post=6135"}],"curies":[{"name":"wp","href":"https:\/\/api.w.org\/{rel}","templated":true}]}}