{"id":6258,"date":"2024-04-30T20:35:12","date_gmt":"2024-04-30T18:35:12","guid":{"rendered":"https:\/\/www.nabu-aachen.de\/?p=6258"},"modified":"2025-12-15T12:55:12","modified_gmt":"2025-12-15T11:55:12","slug":"das-war-die-pflanzenboerse-2024","status":"publish","type":"post","link":"https:\/\/www.nabu-aachen.de\/en\/das-war-die-pflanzenboerse-2024\/","title":{"rendered":"Das war die Pflanzenb\u00f6rse 2024"},"content":{"rendered":"<p>Am letzten Sonntag im April richteten der NABU-Stadtverband Aachen und die Kolpingsfamilie Aachen zum dritten Mal die beliebte \u201eAachener Pflanzenb\u00f6rse\u201c aus. Auch dieses Mal bot das Floriansdorf der Feuerwache Nord eine ideale Lokalit\u00e4t f\u00fcr die Veranstaltung. Drei\u00dfig Aussteller boten selbst gezogene Pflanzen aller Art an, wobei ein Schwerpunkt auf insektenfreundlichen Pflanzen f\u00fcr den Au\u00dfenbereich lag. Zus\u00e4tzlich informierten die NABU-St\u00e4nde \u00fcber unsere Insekten- und Vogelwelt und das naturfreundliche G\u00e4rtnern oder luden zum Memory-Spielen und Basteln von Futterspendern und Nistk\u00e4sten ein. Die NABU-Naturschutzstation informierte \u00fcber aktuelle Projekte zur Insektenf\u00f6rderung und das Projekt \u201eB\u00e4ume und Raine\u201c. Eine von der Kolpingsfamilie betreute Cafeteria versorgte derweil die hungrigen und durstigen Hobby-G\u00e4rtner mit Kaffee, Kuchen und belegten Br\u00f6tchen.<\/p>\n\n\n\n<figure class=\"wp-block-gallery has-nested-images columns-default is-cropped wp-block-gallery-1 is-layout-flex wp-block-gallery-is-layout-flex\">\n<figure class=\"wp-block-image size-large\"><img loading=\"lazy\" decoding=\"async\" width=\"1000\" height=\"738\" data-id=\"6263\" src=\"https:\/\/www.nabu-aachen.de\/wp-content\/uploads\/2024\/04\/IMGP1741_DxO-1000x738.jpg\" alt=\"\" class=\"wp-image-6263\" srcset=\"https:\/\/www.nabu-aachen.de\/wp-content\/uploads\/2024\/04\/IMGP1741_DxO-1000x738.jpg 1000w, https:\/\/www.nabu-aachen.de\/wp-content\/uploads\/2024\/04\/IMGP1741_DxO-300x221.jpg 300w, https:\/\/www.nabu-aachen.de\/wp-content\/uploads\/2024\/04\/IMGP1741_DxO-1536x1133.jpg 1536w, https:\/\/www.nabu-aachen.de\/wp-content\/uploads\/2024\/04\/IMGP1741_DxO.jpg 2000w, https:\/\/www.nabu-aachen.de\/wp-content\/uploads\/2024\/04\/IMGP1741_DxO-300x221@2x.jpg 600w\" sizes=\"auto, (max-width: 1000px) 100vw, 1000px\" \/><figcaption class=\"wp-element-caption\">Foto: Ulrich Schwenk<\/figcaption><\/figure>\n\n\n\n<figure class=\"wp-block-image size-large\"><img loading=\"lazy\" decoding=\"async\" width=\"1000\" height=\"738\" data-id=\"6264\" src=\"https:\/\/www.nabu-aachen.de\/wp-content\/uploads\/2024\/04\/IMGP1725_DxO-1000x738.jpg\" alt=\"\" class=\"wp-image-6264\" srcset=\"https:\/\/www.nabu-aachen.de\/wp-content\/uploads\/2024\/04\/IMGP1725_DxO-1000x738.jpg 1000w, https:\/\/www.nabu-aachen.de\/wp-content\/uploads\/2024\/04\/IMGP1725_DxO-300x221.jpg 300w, https:\/\/www.nabu-aachen.de\/wp-content\/uploads\/2024\/04\/IMGP1725_DxO-1536x1133.jpg 1536w, https:\/\/www.nabu-aachen.de\/wp-content\/uploads\/2024\/04\/IMGP1725_DxO.jpg 2000w, https:\/\/www.nabu-aachen.de\/wp-content\/uploads\/2024\/04\/IMGP1725_DxO-300x221@2x.jpg 600w\" sizes=\"auto, (max-width: 1000px) 100vw, 1000px\" \/><figcaption class=\"wp-element-caption\">Foto: Ulrich Schwenk<\/figcaption><\/figure>\n\n\n\n<figure class=\"wp-block-image size-large\"><img loading=\"lazy\" decoding=\"async\" width=\"1000\" height=\"738\" data-id=\"6266\" src=\"https:\/\/www.nabu-aachen.de\/wp-content\/uploads\/2024\/04\/IMGP1720_DxO-1000x738.jpg\" alt=\"\" class=\"wp-image-6266\" srcset=\"https:\/\/www.nabu-aachen.de\/wp-content\/uploads\/2024\/04\/IMGP1720_DxO-1000x738.jpg 1000w, https:\/\/www.nabu-aachen.de\/wp-content\/uploads\/2024\/04\/IMGP1720_DxO-300x221.jpg 300w, https:\/\/www.nabu-aachen.de\/wp-content\/uploads\/2024\/04\/IMGP1720_DxO-1536x1133.jpg 1536w, https:\/\/www.nabu-aachen.de\/wp-content\/uploads\/2024\/04\/IMGP1720_DxO.jpg 2000w, https:\/\/www.nabu-aachen.de\/wp-content\/uploads\/2024\/04\/IMGP1720_DxO-300x221@2x.jpg 600w\" sizes=\"auto, (max-width: 1000px) 100vw, 1000px\" \/><figcaption class=\"wp-element-caption\">Foto: Ulrich Schwenk<\/figcaption><\/figure>\n\n\n\n<figure class=\"wp-block-image size-large\"><img loading=\"lazy\" decoding=\"async\" width=\"1000\" height=\"738\" data-id=\"6265\" src=\"https:\/\/www.nabu-aachen.de\/wp-content\/uploads\/2024\/04\/IMGP1715_DxO-1000x738.jpg\" alt=\"\" class=\"wp-image-6265\" srcset=\"https:\/\/www.nabu-aachen.de\/wp-content\/uploads\/2024\/04\/IMGP1715_DxO-1000x738.jpg 1000w, https:\/\/www.nabu-aachen.de\/wp-content\/uploads\/2024\/04\/IMGP1715_DxO-300x221.jpg 300w, https:\/\/www.nabu-aachen.de\/wp-content\/uploads\/2024\/04\/IMGP1715_DxO-1536x1133.jpg 1536w, https:\/\/www.nabu-aachen.de\/wp-content\/uploads\/2024\/04\/IMGP1715_DxO.jpg 2000w, https:\/\/www.nabu-aachen.de\/wp-content\/uploads\/2024\/04\/IMGP1715_DxO-300x221@2x.jpg 600w\" sizes=\"auto, (max-width: 1000px) 100vw, 1000px\" \/><figcaption class=\"wp-element-caption\">Foto: Ulrich Schwenk<\/figcaption><\/figure>\n<\/figure>\n\n\n\n<p>Wie jedes Jahr richtete sich die B\u00f6rse ausschlie\u00dflich an private Anbieter. Sie bietet Pflanzenliebhabern die M\u00f6glichkeit, sich im Tausch oder gegen eine Spende von \u00dcberz\u00e4hligem zu trennen, selbst ein Schn\u00e4ppchen zu machen und vor allem: Erfahrungen auszutauschen und Neues kennenzulernen.<\/p>\n\n\n\n<figure class=\"wp-block-gallery has-nested-images columns-default is-cropped wp-block-gallery-2 is-layout-flex wp-block-gallery-is-layout-flex\">\n<figure class=\"wp-block-image size-large\"><img loading=\"lazy\" decoding=\"async\" width=\"1000\" height=\"738\" data-id=\"6261\" src=\"https:\/\/www.nabu-aachen.de\/wp-content\/uploads\/2024\/04\/imgp1721_dxo-1000x738.jpg\" alt=\"\" class=\"wp-image-6261\" srcset=\"https:\/\/www.nabu-aachen.de\/wp-content\/uploads\/2024\/04\/imgp1721_dxo-1000x738.jpg 1000w, https:\/\/www.nabu-aachen.de\/wp-content\/uploads\/2024\/04\/imgp1721_dxo-300x221.jpg 300w, https:\/\/www.nabu-aachen.de\/wp-content\/uploads\/2024\/04\/imgp1721_dxo-1536x1133.jpg 1536w, https:\/\/www.nabu-aachen.de\/wp-content\/uploads\/2024\/04\/imgp1721_dxo.jpg 2000w, https:\/\/www.nabu-aachen.de\/wp-content\/uploads\/2024\/04\/imgp1721_dxo-300x221@2x.jpg 600w\" sizes=\"auto, (max-width: 1000px) 100vw, 1000px\" \/><figcaption class=\"wp-element-caption\">Foto: Ulrich Schwenk<\/figcaption><\/figure>\n\n\n\n<figure class=\"wp-block-image size-large\"><img loading=\"lazy\" decoding=\"async\" width=\"1000\" height=\"738\" data-id=\"6262\" src=\"https:\/\/www.nabu-aachen.de\/wp-content\/uploads\/2024\/04\/imgp1709_dxo-1000x738.jpg\" alt=\"\" class=\"wp-image-6262\" srcset=\"https:\/\/www.nabu-aachen.de\/wp-content\/uploads\/2024\/04\/imgp1709_dxo-1000x738.jpg 1000w, https:\/\/www.nabu-aachen.de\/wp-content\/uploads\/2024\/04\/imgp1709_dxo-300x221.jpg 300w, https:\/\/www.nabu-aachen.de\/wp-content\/uploads\/2024\/04\/imgp1709_dxo-1536x1133.jpg 1536w, https:\/\/www.nabu-aachen.de\/wp-content\/uploads\/2024\/04\/imgp1709_dxo.jpg 2000w, https:\/\/www.nabu-aachen.de\/wp-content\/uploads\/2024\/04\/imgp1709_dxo-300x221@2x.jpg 600w\" sizes=\"auto, (max-width: 1000px) 100vw, 1000px\" \/><figcaption class=\"wp-element-caption\">Foto: Ulrich Schwenk<\/figcaption><\/figure>\n<\/figure>\n\n\n\n<p>\u201eDas Feedback war wieder unglaublich positiv\u201c, freute sich anschlie\u00dfend Betty Malangr\u00e9, zweite Vorsitzende des NABU Aachen und Leiterin des Arbeitskreises Naturgarten. Sie und ihre Mitstreiterin Katrin Salama hatten die B\u00f6rse vor drei Jahren ins Leben gerufen und wegen der viele Nachfragen nun schon zum dritten Mal auf die Beine gestellt. \u201eDas Sch\u00f6nste sind die Begegnungen und der Austausch. Die Schn\u00e4ppchen beim Pflanzen-Kauf sind dann noch ein Bonus.\u201c<\/p>\n\n\n\n<figure class=\"wp-block-image size-large\"><img loading=\"lazy\" decoding=\"async\" width=\"1000\" height=\"750\" src=\"https:\/\/www.nabu-aachen.de\/wp-content\/uploads\/2024\/04\/img_5582_dxo-1000x750.jpg\" alt=\"\" class=\"wp-image-6260\" srcset=\"https:\/\/www.nabu-aachen.de\/wp-content\/uploads\/2024\/04\/img_5582_dxo-1000x750.jpg 1000w, https:\/\/www.nabu-aachen.de\/wp-content\/uploads\/2024\/04\/img_5582_dxo-300x225.jpg 300w, https:\/\/www.nabu-aachen.de\/wp-content\/uploads\/2024\/04\/img_5582_dxo-1536x1152.jpg 1536w, https:\/\/www.nabu-aachen.de\/wp-content\/uploads\/2024\/04\/img_5582_dxo.jpg 2000w, https:\/\/www.nabu-aachen.de\/wp-content\/uploads\/2024\/04\/img_5582_dxo-300x225@2x.jpg 600w\" sizes=\"auto, (max-width: 1000px) 100vw, 1000px\" \/><figcaption class=\"wp-element-caption\">Katrin Salama (links) und Betty Malangr\u00e9 (rechts). Foto: Ulrich Schwenk<\/figcaption><\/figure>\n\n\n\n<p>Ulrich Schwenk, erster Vorsitzender des NABU Aachens, betonte die tatkr\u00e4ftige Hilfe der ehrenamtlichen Helfer: \u201eOhne die vielen helfenden H\u00e4nde aus dem Verein w\u00e4re so eine Veranstaltungen gar nicht m\u00f6glich. Wir wissen den Einsatz der vielen NABU-Aktiven, die alles auf- und abgebaut, die St\u00e4nde betreut oder Geschirr gesp\u00fclt haben, wirklich zu sch\u00e4tzen.\u201c<\/p>\n\n\n\n<p>Der n\u00e4chsten Pflanzenb\u00f6rse im Jahr 2025 steht damit nichts mehr im Wege.<\/p>","protected":false},"excerpt":{"rendered":"<p>Am letzten Sonntag im April richteten der NABU-Stadtverband Aachen und die Kolpingsfamilie Aachen zum dritten Mal die beliebte \u201eAachener Pflanzenb\u00f6rse\u201c aus. Auch dieses Mal bot das Floriansdorf der Feuerwache Nord eine ideale Lokalit\u00e4t f\u00fcr&#46;&#46;&#46;<\/p>","protected":false},"author":3,"featured_media":6261,"comment_status":"closed","ping_status":"closed","sticky":false,"template":"","format":"standard","meta":{"_lmt_disableupdate":"no","_lmt_disable":"","footnotes":""},"categories":[73,22,28],"tags":[91,90],"class_list":["post-6258","post","type-post","status-publish","format-standard","has-post-thumbnail","hentry","category-ak-naturgarten","category-arbeitskreise","category-archiv","tag-naturgarten","tag-pflanzenboerse"],"modified_by":"Ulrich Schwenk","_links":{"self":[{"href":"https:\/\/www.nabu-aachen.de\/en\/wp-json\/wp\/v2\/posts\/6258","targetHints":{"allow":["GET"]}}],"collection":[{"href":"https:\/\/www.nabu-aachen.de\/en\/wp-json\/wp\/v2\/posts"}],"about":[{"href":"https:\/\/www.nabu-aachen.de\/en\/wp-json\/wp\/v2\/types\/post"}],"author":[{"embeddable":true,"href":"https:\/\/www.nabu-aachen.de\/en\/wp-json\/wp\/v2\/users\/3"}],"replies":[{"embeddable":true,"href":"https:\/\/www.nabu-aachen.de\/en\/wp-json\/wp\/v2\/comments?post=6258"}],"version-history":[{"count":2,"href":"https:\/\/www.nabu-aachen.de\/en\/wp-json\/wp\/v2\/posts\/6258\/revisions"}],"predecessor-version":[{"id":6872,"href":"https:\/\/www.nabu-aachen.de\/en\/wp-json\/wp\/v2\/posts\/6258\/revisions\/6872"}],"wp:featuredmedia":[{"embeddable":true,"href":"https:\/\/www.nabu-aachen.de\/en\/wp-json\/wp\/v2\/media\/6261"}],"wp:attachment":[{"href":"https:\/\/www.nabu-aachen.de\/en\/wp-json\/wp\/v2\/media?parent=6258"}],"wp:term":[{"taxonomy":"category","embeddable":true,"href":"https:\/\/www.nabu-aachen.de\/en\/wp-json\/wp\/v2\/categories?post=6258"},{"taxonomy":"post_tag","embeddable":true,"href":"https:\/\/www.nabu-aachen.de\/en\/wp-json\/wp\/v2\/tags?post=6258"}],"curies":[{"name":"wp","href":"https:\/\/api.w.org\/{rel}","templated":true}]}}