{"id":6779,"date":"2025-01-23T13:30:33","date_gmt":"2025-01-23T12:30:33","guid":{"rendered":"https:\/\/www.nabu-aachen.de\/?p=6779"},"modified":"2025-03-15T11:05:17","modified_gmt":"2025-03-15T10:05:17","slug":"einladung-zur-jahreshauptversammlung-des-nabu-aachen-e-v","status":"publish","type":"post","link":"https:\/\/www.nabu-aachen.de\/en\/einladung-zur-jahreshauptversammlung-des-nabu-aachen-e-v\/","title":{"rendered":"Einladung zur Jahreshauptversammlung des NABU Aachen e.V."},"content":{"rendered":"<p><a href=\"https:\/\/www.nabu-aachen.de\/wp-content\/uploads\/2022\/09\/nabu_ac_logo_vector_farbe_corporate_18.png\"><img loading=\"lazy\" decoding=\"async\" class=\"size-thumbnail wp-image-4958 aligncenter\" src=\"https:\/\/www.nabu-aachen.de\/wp-content\/uploads\/2022\/09\/nabu_ac_logo_vector_farbe_corporate_18-150x150.png\" alt=\"\" width=\"150\" height=\"150\" srcset=\"https:\/\/www.nabu-aachen.de\/wp-content\/uploads\/2022\/09\/nabu_ac_logo_vector_farbe_corporate_18-150x150.png 150w, https:\/\/www.nabu-aachen.de\/wp-content\/uploads\/2022\/09\/nabu_ac_logo_vector_farbe_corporate_18-160x160.png 160w, https:\/\/www.nabu-aachen.de\/wp-content\/uploads\/2022\/09\/nabu_ac_logo_vector_farbe_corporate_18-320x320.png 320w, https:\/\/www.nabu-aachen.de\/wp-content\/uploads\/2022\/09\/nabu_ac_logo_vector_farbe_corporate_18-150x150@2x.png 300w\" sizes=\"auto, (max-width: 150px) 100vw, 150px\" \/><\/a><\/p>\n<p style=\"font-weight: 400;\">Liebe Mitglieder,<\/p>\n<p style=\"font-weight: 400;\">\u00a0<\/p>\n<p style=\"font-weight: 400;\">hiermit lade ich Sie im Namen des Vorstandes des NABU-Stadtverbandes Aachen e.V. herzlich zu unserer Jahreshauptversammlung (JHV) am Montag, den <strong>10. Ma\u0308rz 2025<\/strong>, um 19.00 Uhr ein. Die Veranstaltung wird im Jakobushaus stattfinden. Das Jakobushaus befindet sich direkt neben der Pfarrkirche St. Jakob an der Jakobstra\u00dfe 143, 52064 Aachen. AVV Haltestellen \u201eSchanz\u00a0 oder Karlsgraben\u201c.<\/p>\n<p style=\"font-weight: 400;\">\u00a0<\/p>\n<p style=\"font-weight: 400;\">U\u0308ber Ihr zahlreiches Erscheinen wird sich der Vorstand sehr freuen. Dieses Mal steht die Neuwahl eines\/einer PressesprecherIn sowie die Neuwahl eines\/einer UmweltbildungsreferentIn an.<\/p>\n<p style=\"font-weight: 400;\">Die aktuelle Satzung finden Sie unter www.nabu-aachen.de. Dort und im neuen Halbjahresprogramm finden Sie auch alle wichtigen Termine. Informatives und Aktuelles findet man auch auf Instagram unter @nabuaachen.<\/p>\n<p style=\"font-weight: 400;\">\u00a0<\/p>\n<p style=\"font-weight: 400;\">Tagesordnung der Jahreshauptversammlung:<\/p>\n<p style=\"font-weight: 400;\">\u00a0<\/p>\n<ol style=\"font-weight: 400;\">\n<li>Begr\u00fc\u00dfung und ggf. Ehrungen, Gru\u00dfworte<\/li>\n<li>Feststellung der ordnungsgem\u00e4\u00dfen Einladung und Beschlussf\u00e4higkeit<\/li>\n<li>Bericht des Vorstandes<\/li>\n<li>Bericht der NABU-Naturschutzstation<\/li>\n<li>Bericht der Kassenpr\u00fcfer und Entlastung des Vorstandes<\/li>\n<li>Neuwahl des\/der PressesprecherIn<\/li>\n<li>Neuwahl des\/der UmweltbildungsreferentIn<\/li>\n<li>Neuwahl eines\/einer Kassenpr\u00fcferIn<\/li>\n<li>Wahl der Delegierten zur LVV im Sommer 2025<\/li>\n<li>Verschiedenes<\/li>\n<\/ol>\n<p style=\"font-weight: 400;\">\u00a0<\/p>\n<p style=\"font-weight: 400;\">Ulrich Schwenk, 1. Vorsitzender, Januar 2025<\/p>\n<p style=\"font-weight: 400;\">\u00a0<\/p>\n\n\n<p><\/p>\n\n\n\n<p><\/p>","protected":false},"excerpt":{"rendered":"<p>Liebe Mitglieder, \u00a0 hiermit lade ich Sie im Namen des Vorstandes des NABU-Stadtverbandes Aachen e.V. herzlich zu unserer Jahreshauptversammlung (JHV) am Montag, den 10. Ma\u0308rz 2025, um 19.00 Uhr ein. Die Veranstaltung wird im&#46;&#46;&#46;<\/p>","protected":false},"author":6,"featured_media":4958,"comment_status":"closed","ping_status":"closed","sticky":true,"template":"","format":"standard","meta":{"_lmt_disableupdate":"no","_lmt_disable":"","footnotes":""},"categories":[28],"tags":[],"class_list":["post-6779","post","type-post","status-publish","format-standard","has-post-thumbnail","hentry","category-archiv"],"modified_by":"Ulrich Schwenk","_links":{"self":[{"href":"https:\/\/www.nabu-aachen.de\/en\/wp-json\/wp\/v2\/posts\/6779","targetHints":{"allow":["GET"]}}],"collection":[{"href":"https:\/\/www.nabu-aachen.de\/en\/wp-json\/wp\/v2\/posts"}],"about":[{"href":"https:\/\/www.nabu-aachen.de\/en\/wp-json\/wp\/v2\/types\/post"}],"author":[{"embeddable":true,"href":"https:\/\/www.nabu-aachen.de\/en\/wp-json\/wp\/v2\/users\/6"}],"replies":[{"embeddable":true,"href":"https:\/\/www.nabu-aachen.de\/en\/wp-json\/wp\/v2\/comments?post=6779"}],"version-history":[{"count":1,"href":"https:\/\/www.nabu-aachen.de\/en\/wp-json\/wp\/v2\/posts\/6779\/revisions"}],"predecessor-version":[{"id":6780,"href":"https:\/\/www.nabu-aachen.de\/en\/wp-json\/wp\/v2\/posts\/6779\/revisions\/6780"}],"wp:featuredmedia":[{"embeddable":true,"href":"https:\/\/www.nabu-aachen.de\/en\/wp-json\/wp\/v2\/media\/4958"}],"wp:attachment":[{"href":"https:\/\/www.nabu-aachen.de\/en\/wp-json\/wp\/v2\/media?parent=6779"}],"wp:term":[{"taxonomy":"category","embeddable":true,"href":"https:\/\/www.nabu-aachen.de\/en\/wp-json\/wp\/v2\/categories?post=6779"},{"taxonomy":"post_tag","embeddable":true,"href":"https:\/\/www.nabu-aachen.de\/en\/wp-json\/wp\/v2\/tags?post=6779"}],"curies":[{"name":"wp","href":"https:\/\/api.w.org\/{rel}","templated":true}]}}