{"id":7308,"date":"2025-12-01T19:14:34","date_gmt":"2025-12-01T18:14:34","guid":{"rendered":"https:\/\/www.nabu-aachen.de\/?p=7308"},"modified":"2025-12-24T11:25:46","modified_gmt":"2025-12-24T10:25:46","slug":"nabu-stadtverband-aachen-e-v-jahresrueckblick-adventskalender-2025","status":"publish","type":"post","link":"https:\/\/www.nabu-aachen.de\/en\/nabu-stadtverband-aachen-e-v-jahresrueckblick-adventskalender-2025\/","title":{"rendered":"NABU-Stadtverband Aachen e.V. \u2013 Jahresr\u00fcckblick Adventskalender 2025"},"content":{"rendered":"<p><strong>Es ist eine sch\u00f6ne Tradition geworden am Ende des Jahres einige H\u00f6hepunkte unserer NABU-Vereinsarbeit und -Aktionen per Foto vorzustellen.<\/strong><\/p>\n<p>F\u00fcr jedes Adventst\u00fcrchen gibt es ein Bild von unserem Vereinsleben in 2025.<\/p>\n<div id=\"attachment_7439\" style=\"width: 1010px\" class=\"wp-caption aligncenter\"><a href=\"https:\/\/www.nabu-aachen.de\/wp-content\/uploads\/2025\/12\/IMGP2200_DxO-topaz-sharpen.jpg\"><img loading=\"lazy\" decoding=\"async\" aria-describedby=\"caption-attachment-7439\" class=\"size-large wp-image-7439\" src=\"https:\/\/www.nabu-aachen.de\/wp-content\/uploads\/2025\/12\/IMGP2200_DxO-topaz-sharpen-1000x750.jpg\" alt=\"\" width=\"1000\" height=\"750\" srcset=\"https:\/\/www.nabu-aachen.de\/wp-content\/uploads\/2025\/12\/IMGP2200_DxO-topaz-sharpen-1000x750.jpg 1000w, https:\/\/www.nabu-aachen.de\/wp-content\/uploads\/2025\/12\/IMGP2200_DxO-topaz-sharpen-300x225.jpg 300w, https:\/\/www.nabu-aachen.de\/wp-content\/uploads\/2025\/12\/IMGP2200_DxO-topaz-sharpen-1536x1152.jpg 1536w, https:\/\/www.nabu-aachen.de\/wp-content\/uploads\/2025\/12\/IMGP2200_DxO-topaz-sharpen-16x12.jpg 16w, https:\/\/www.nabu-aachen.de\/wp-content\/uploads\/2025\/12\/IMGP2200_DxO-topaz-sharpen.jpg 2000w, https:\/\/www.nabu-aachen.de\/wp-content\/uploads\/2025\/12\/IMGP2200_DxO-topaz-sharpen-300x225@2x.jpg 600w\" sizes=\"auto, (max-width: 1000px) 100vw, 1000px\" \/><\/a><p id=\"caption-attachment-7439\" class=\"wp-caption-text\">Frohe Weihnachten w\u00fcnscht die Bachstelze (Motacilla alba) &#8211; Foto: Ulrich Schwenk<\/p><\/div>\n<p>Allen ein frohes Weihnachtsfest und einen guten Rutsch ins neue Jahr.<\/p>\n<div id=\"attachment_7436\" style=\"width: 1010px\" class=\"wp-caption aligncenter\"><a href=\"https:\/\/www.nabu-aachen.de\/wp-content\/uploads\/2025\/12\/PB082182_DxO.jpg\"><img loading=\"lazy\" decoding=\"async\" aria-describedby=\"caption-attachment-7436\" class=\"size-large wp-image-7436\" src=\"https:\/\/www.nabu-aachen.de\/wp-content\/uploads\/2025\/12\/PB082182_DxO-1000x716.jpg\" alt=\"\" width=\"1000\" height=\"716\" srcset=\"https:\/\/www.nabu-aachen.de\/wp-content\/uploads\/2025\/12\/PB082182_DxO-1000x716.jpg 1000w, https:\/\/www.nabu-aachen.de\/wp-content\/uploads\/2025\/12\/PB082182_DxO-300x215.jpg 300w, https:\/\/www.nabu-aachen.de\/wp-content\/uploads\/2025\/12\/PB082182_DxO-1536x1100.jpg 1536w, https:\/\/www.nabu-aachen.de\/wp-content\/uploads\/2025\/12\/PB082182_DxO-18x12.jpg 18w, https:\/\/www.nabu-aachen.de\/wp-content\/uploads\/2025\/12\/PB082182_DxO.jpg 2000w, https:\/\/www.nabu-aachen.de\/wp-content\/uploads\/2025\/12\/PB082182_DxO-300x215@2x.jpg 600w\" sizes=\"auto, (max-width: 1000px) 100vw, 1000px\" \/><\/a><p id=\"caption-attachment-7436\" class=\"wp-caption-text\">Biotoppflege im Steinbruch Hahn &#8211; Foto: Ulrich Schwenk<\/p><\/div>\n<p>Ein Bestandteil der NABU-Gymnastik\u00fcbungen im Herbst und Winter ist, neben der Apfelernte und Obstbaumpflanzung, auch die Biotoppflege im Steinbruch Hahn zu erw\u00e4hnen. Unter der fachlichen Leitung von Helmut Kreusch wird Gestr\u00fcpp entfernt, entfichtet und die Wiesen gem\u00e4ht. Somit erhalten wir einen wertvollen Standort f\u00fcr seltene Pflanzen.<\/p>\n<div id=\"attachment_7433\" style=\"width: 760px\" class=\"wp-caption aligncenter\"><a href=\"https:\/\/www.nabu-aachen.de\/wp-content\/uploads\/2025\/12\/Schleiereulenkasten.jpg\"><img loading=\"lazy\" decoding=\"async\" aria-describedby=\"caption-attachment-7433\" class=\"size-large wp-image-7433\" src=\"https:\/\/www.nabu-aachen.de\/wp-content\/uploads\/2025\/12\/Schleiereulenkasten-750x1000.jpg\" alt=\"\" width=\"750\" height=\"1000\" srcset=\"https:\/\/www.nabu-aachen.de\/wp-content\/uploads\/2025\/12\/Schleiereulenkasten-750x1000.jpg 750w, https:\/\/www.nabu-aachen.de\/wp-content\/uploads\/2025\/12\/Schleiereulenkasten-225x300.jpg 225w, https:\/\/www.nabu-aachen.de\/wp-content\/uploads\/2025\/12\/Schleiereulenkasten-1152x1536.jpg 1152w, https:\/\/www.nabu-aachen.de\/wp-content\/uploads\/2025\/12\/Schleiereulenkasten-9x12.jpg 9w, https:\/\/www.nabu-aachen.de\/wp-content\/uploads\/2025\/12\/Schleiereulenkasten.jpg 1500w, https:\/\/www.nabu-aachen.de\/wp-content\/uploads\/2025\/12\/Schleiereulenkasten-225x300@2x.jpg 450w\" sizes=\"auto, (max-width: 750px) 100vw, 750px\" \/><\/a><p id=\"caption-attachment-7433\" class=\"wp-caption-text\">Reinigung von Schleiereulenk\u00e4sten &#8211; Foto: Ulrich Schwenk<\/p><\/div>\n<p>Flederm\u00e4use? Nein, hier geht es um Schleiereulenk\u00e4sten. Alf (Alfred Halsband) k\u00fcmmert sich einmal im Jahr um die Schleiereulenk\u00e4sten und die Falkenk\u00e4sten im Dom und in der Jakobskirche. Hier wird, wenn n\u00f6tig, gereinigt und neu eingestreut. Ein nicht ungef\u00e4hrliches Unterfangen, h\u00e4ngen die K\u00e4sten doch bis zu 6m hoch in Scheunen, deren Boden im Winter nat\u00fcrlich mit Strohballen bedeckt sind. Hier sind mindestens drei Menschen gefragt um die Aktion abzusichern.<\/p>\n<div id=\"attachment_7384\" style=\"width: 1010px\" class=\"wp-caption aligncenter\"><a href=\"https:\/\/www.nabu-aachen.de\/wp-content\/uploads\/2025\/12\/Pflanzteam_Obstwiese-Oberforstbach_20251209_NABU-Naturschutzstation.jpg\"><img loading=\"lazy\" decoding=\"async\" aria-describedby=\"caption-attachment-7384\" class=\"size-large wp-image-7384\" src=\"https:\/\/www.nabu-aachen.de\/wp-content\/uploads\/2025\/12\/Pflanzteam_Obstwiese-Oberforstbach_20251209_NABU-Naturschutzstation-1000x739.jpg\" alt=\"\" width=\"1000\" height=\"739\" srcset=\"https:\/\/www.nabu-aachen.de\/wp-content\/uploads\/2025\/12\/Pflanzteam_Obstwiese-Oberforstbach_20251209_NABU-Naturschutzstation-1000x739.jpg 1000w, https:\/\/www.nabu-aachen.de\/wp-content\/uploads\/2025\/12\/Pflanzteam_Obstwiese-Oberforstbach_20251209_NABU-Naturschutzstation-300x222.jpg 300w, https:\/\/www.nabu-aachen.de\/wp-content\/uploads\/2025\/12\/Pflanzteam_Obstwiese-Oberforstbach_20251209_NABU-Naturschutzstation-1536x1135.jpg 1536w, https:\/\/www.nabu-aachen.de\/wp-content\/uploads\/2025\/12\/Pflanzteam_Obstwiese-Oberforstbach_20251209_NABU-Naturschutzstation-16x12.jpg 16w, https:\/\/www.nabu-aachen.de\/wp-content\/uploads\/2025\/12\/Pflanzteam_Obstwiese-Oberforstbach_20251209_NABU-Naturschutzstation.jpg 2000w, https:\/\/www.nabu-aachen.de\/wp-content\/uploads\/2025\/12\/Pflanzteam_Obstwiese-Oberforstbach_20251209_NABU-Naturschutzstation-300x222@2x.jpg 600w\" sizes=\"auto, (max-width: 1000px) 100vw, 1000px\" \/><\/a><p id=\"caption-attachment-7384\" class=\"wp-caption-text\">Das Pflanzteam auf der Obstwiese in Oberforstbach &#8211; Foto: NABU-Naturschutzstation<\/p><\/div>\n<p>150, ja ihr lest richtig, 150 Obstb\u00e4ume wurden dieses Jahr an vier Terminen von der Naturschutzstation und vielen EhrenamtlerInnen rund um Aachen gepflanzt. Alle waren mit gro\u00dfem Eifer und Spa\u00df dabei. Bei der Hauptpflanzaktion am Br\u00fcsseler Ring gab es sogar Unterst\u00fctzung durch unser zweite Vorsitzende Betty mit ihrer legend\u00e4ren H\u00fchnersuppe \ud83d\ude42<\/p>\n<div id=\"attachment_7428\" style=\"width: 1010px\" class=\"wp-caption aligncenter\"><a href=\"https:\/\/www.nabu-aachen.de\/wp-content\/uploads\/2025\/12\/ObstwiesenfestBrand_20250928_132639.jpg\"><img loading=\"lazy\" decoding=\"async\" aria-describedby=\"caption-attachment-7428\" class=\"size-large wp-image-7428\" src=\"https:\/\/www.nabu-aachen.de\/wp-content\/uploads\/2025\/12\/ObstwiesenfestBrand_20250928_132639-1000x750.jpg\" alt=\"\" width=\"1000\" height=\"750\" srcset=\"https:\/\/www.nabu-aachen.de\/wp-content\/uploads\/2025\/12\/ObstwiesenfestBrand_20250928_132639-1000x750.jpg 1000w, https:\/\/www.nabu-aachen.de\/wp-content\/uploads\/2025\/12\/ObstwiesenfestBrand_20250928_132639-300x225.jpg 300w, https:\/\/www.nabu-aachen.de\/wp-content\/uploads\/2025\/12\/ObstwiesenfestBrand_20250928_132639-1536x1152.jpg 1536w, https:\/\/www.nabu-aachen.de\/wp-content\/uploads\/2025\/12\/ObstwiesenfestBrand_20250928_132639-16x12.jpg 16w, https:\/\/www.nabu-aachen.de\/wp-content\/uploads\/2025\/12\/ObstwiesenfestBrand_20250928_132639.jpg 2000w, https:\/\/www.nabu-aachen.de\/wp-content\/uploads\/2025\/12\/ObstwiesenfestBrand_20250928_132639-300x225@2x.jpg 600w\" sizes=\"auto, (max-width: 1000px) 100vw, 1000px\" \/><\/a><p id=\"caption-attachment-7428\" class=\"wp-caption-text\">Obstwiesenfest 2025 in Brand &#8211; Foto: Manfred Aletsee<\/p><\/div>\n<p>Dieses Jahr fand das Obstwiesenfest in Aachen Brand statt und es war ein riesen Erfolg.<\/p>\n<p>Manfred Aletsee dazu: &#8230; <em>&#8222;Bei bestem Wetter konnten wir mehrere tausend Besucher zu den verschiedenen Themen rund um den Lebensraum Streuobstwiese begeistern und informieren. Von vielen Seiten haben wir f\u00fcr das Fest ein positives Feedback bekommen und m\u00f6chten dies hier sehr gerne an Euch weiterleiten.&#8220; &#8230;<\/em><\/p>\n<div id=\"attachment_7416\" style=\"width: 758px\" class=\"wp-caption aligncenter\"><a href=\"https:\/\/www.nabu-aachen.de\/wp-content\/uploads\/2025\/12\/Bienenhotel_FloDo.jpg\"><img loading=\"lazy\" decoding=\"async\" aria-describedby=\"caption-attachment-7416\" class=\"size-full wp-image-7416\" src=\"https:\/\/www.nabu-aachen.de\/wp-content\/uploads\/2025\/12\/Bienenhotel_FloDo.jpg\" alt=\"\" width=\"748\" height=\"510\" srcset=\"https:\/\/www.nabu-aachen.de\/wp-content\/uploads\/2025\/12\/Bienenhotel_FloDo.jpg 748w, https:\/\/www.nabu-aachen.de\/wp-content\/uploads\/2025\/12\/Bienenhotel_FloDo-300x205.jpg 300w, https:\/\/www.nabu-aachen.de\/wp-content\/uploads\/2025\/12\/Bienenhotel_FloDo-18x12.jpg 18w, https:\/\/www.nabu-aachen.de\/wp-content\/uploads\/2025\/12\/Bienenhotel_FloDo-300x205@2x.jpg 600w\" sizes=\"auto, (max-width: 748px) 100vw, 748px\" \/><\/a><p id=\"caption-attachment-7416\" class=\"wp-caption-text\">Aufstellung des Bienenhotels im Floriansdorf &#8211; Foto: Petra Cymutta<\/p><\/div>\n<p>So wie letztes Jahr konnten wir auch dieses Jahr wieder von dem Umweltscheck des Landes NRW profitieren. So war uns der Erwerb eines standfesten Bienenhotels m\u00f6glich. Familie Cymutta und Graaf habe das Schmuckst\u00fcck aufgebaut. Vielen Dank daf\u00fcr.<\/p>\n<div id=\"attachment_7413\" style=\"width: 1010px\" class=\"wp-caption aligncenter\"><a href=\"https:\/\/www.nabu-aachen.de\/wp-content\/uploads\/2025\/12\/NABU_Grillen_2025.jpg\"><img loading=\"lazy\" decoding=\"async\" aria-describedby=\"caption-attachment-7413\" class=\"size-large wp-image-7413\" src=\"https:\/\/www.nabu-aachen.de\/wp-content\/uploads\/2025\/12\/NABU_Grillen_2025-1000x738.jpg\" alt=\"\" width=\"1000\" height=\"738\" srcset=\"https:\/\/www.nabu-aachen.de\/wp-content\/uploads\/2025\/12\/NABU_Grillen_2025-1000x738.jpg 1000w, https:\/\/www.nabu-aachen.de\/wp-content\/uploads\/2025\/12\/NABU_Grillen_2025-300x221.jpg 300w, https:\/\/www.nabu-aachen.de\/wp-content\/uploads\/2025\/12\/NABU_Grillen_2025-1536x1133.jpg 1536w, https:\/\/www.nabu-aachen.de\/wp-content\/uploads\/2025\/12\/NABU_Grillen_2025-16x12.jpg 16w, https:\/\/www.nabu-aachen.de\/wp-content\/uploads\/2025\/12\/NABU_Grillen_2025.jpg 2000w, https:\/\/www.nabu-aachen.de\/wp-content\/uploads\/2025\/12\/NABU_Grillen_2025-300x221@2x.jpg 600w\" sizes=\"auto, (max-width: 1000px) 100vw, 1000px\" \/><\/a><p id=\"caption-attachment-7413\" class=\"wp-caption-text\">Grillen im Floriansdorf &#8211; Foto: Ulrich Schwenk<\/p><\/div>\n<p>Das darf nicht fehlen. Gem\u00fctliches Beisammensein und Grillen im Floriansdorf. Auch dieses mal war das Sommerwetter ideal daf\u00fcr.<\/p>\n<div id=\"attachment_7408\" style=\"width: 1010px\" class=\"wp-caption aligncenter\"><a href=\"https:\/\/www.nabu-aachen.de\/wp-content\/uploads\/2025\/12\/Sommerfest_Quartiersgarten.jpg\"><img loading=\"lazy\" decoding=\"async\" aria-describedby=\"caption-attachment-7408\" class=\"size-large wp-image-7408\" src=\"https:\/\/www.nabu-aachen.de\/wp-content\/uploads\/2025\/12\/Sommerfest_Quartiersgarten-1000x668.jpg\" alt=\"\" width=\"1000\" height=\"668\" srcset=\"https:\/\/www.nabu-aachen.de\/wp-content\/uploads\/2025\/12\/Sommerfest_Quartiersgarten-1000x668.jpg 1000w, https:\/\/www.nabu-aachen.de\/wp-content\/uploads\/2025\/12\/Sommerfest_Quartiersgarten-300x200.jpg 300w, https:\/\/www.nabu-aachen.de\/wp-content\/uploads\/2025\/12\/Sommerfest_Quartiersgarten-1536x1025.jpg 1536w, https:\/\/www.nabu-aachen.de\/wp-content\/uploads\/2025\/12\/Sommerfest_Quartiersgarten-18x12.jpg 18w, https:\/\/www.nabu-aachen.de\/wp-content\/uploads\/2025\/12\/Sommerfest_Quartiersgarten.jpg 2000w, https:\/\/www.nabu-aachen.de\/wp-content\/uploads\/2025\/12\/Sommerfest_Quartiersgarten-300x200@2x.jpg 600w\" sizes=\"auto, (max-width: 1000px) 100vw, 1000px\" \/><\/a><p id=\"caption-attachment-7408\" class=\"wp-caption-text\">Sommerfest im Quartiersgarten &#8211; Foto: Ulrich Schwenk<\/p><\/div>\n<p>Auch das Sommerfest im Quartiersgarten Gut Kullen war sehr gut besucht. So kurz vor der Kommunalwahl waren auch die Spitzen der Parteien und der Verwaltung zu Gast und begeistert. Im Hintergrund unsere Projektleiterin Helen Kahlenberg im Gespr\u00e4ch mit dem Dezernenten f\u00fcr Umwelt, Klima und Betriebshof Herrn Heiko Thomas.<\/p>\n<div id=\"attachment_7405\" style=\"width: 1010px\" class=\"wp-caption aligncenter\"><a href=\"https:\/\/www.nabu-aachen.de\/wp-content\/uploads\/2025\/12\/Transekt_Wilkensberg.jpg\"><img loading=\"lazy\" decoding=\"async\" aria-describedby=\"caption-attachment-7405\" class=\"size-large wp-image-7405\" src=\"https:\/\/www.nabu-aachen.de\/wp-content\/uploads\/2025\/12\/Transekt_Wilkensberg-1000x666.jpg\" alt=\"\" width=\"1000\" height=\"666\" srcset=\"https:\/\/www.nabu-aachen.de\/wp-content\/uploads\/2025\/12\/Transekt_Wilkensberg-1000x666.jpg 1000w, https:\/\/www.nabu-aachen.de\/wp-content\/uploads\/2025\/12\/Transekt_Wilkensberg-300x200.jpg 300w, https:\/\/www.nabu-aachen.de\/wp-content\/uploads\/2025\/12\/Transekt_Wilkensberg-1536x1023.jpg 1536w, https:\/\/www.nabu-aachen.de\/wp-content\/uploads\/2025\/12\/Transekt_Wilkensberg-18x12.jpg 18w, https:\/\/www.nabu-aachen.de\/wp-content\/uploads\/2025\/12\/Transekt_Wilkensberg.jpg 2000w, https:\/\/www.nabu-aachen.de\/wp-content\/uploads\/2025\/12\/Transekt_Wilkensberg-300x200@2x.jpg 600w\" sizes=\"auto, (max-width: 1000px) 100vw, 1000px\" \/><\/a><p id=\"caption-attachment-7405\" class=\"wp-caption-text\">Schmetterlings-Transekt Wilkensberg &#8211; Foto: Ulrich Schwenk<\/p><\/div>\n<p>F\u00fcr die wissenschaftliche Erfassung der Schmetterlingsbest\u00e4nde betreibt der AK-Schmetterlinge im Bereich Aachen sechs Transekte und eins bei Burg Vogelsang. Hier zeigt Thomas P\u00e4tzold einen Teil des Transekts Wilkensberg. Ein Transekt ist eine definierte Weglinie mit bis zu zehn 50m-Abschnitten. Diese werden w\u00f6chentlich begangen und in den 50m Abschnitte wird alles erfasst was in 5 Minuten beobachtet werden kann.<\/p>\n<div id=\"attachment_7401\" style=\"width: 1010px\" class=\"wp-caption aligncenter\"><a href=\"https:\/\/www.nabu-aachen.de\/wp-content\/uploads\/2025\/12\/FotoAK_Simpelveld.jpg\"><img loading=\"lazy\" decoding=\"async\" aria-describedby=\"caption-attachment-7401\" class=\"size-large wp-image-7401\" src=\"https:\/\/www.nabu-aachen.de\/wp-content\/uploads\/2025\/12\/FotoAK_Simpelveld-1000x668.jpg\" alt=\"\" width=\"1000\" height=\"668\" srcset=\"https:\/\/www.nabu-aachen.de\/wp-content\/uploads\/2025\/12\/FotoAK_Simpelveld-1000x668.jpg 1000w, https:\/\/www.nabu-aachen.de\/wp-content\/uploads\/2025\/12\/FotoAK_Simpelveld-300x200.jpg 300w, https:\/\/www.nabu-aachen.de\/wp-content\/uploads\/2025\/12\/FotoAK_Simpelveld-1536x1025.jpg 1536w, https:\/\/www.nabu-aachen.de\/wp-content\/uploads\/2025\/12\/FotoAK_Simpelveld-18x12.jpg 18w, https:\/\/www.nabu-aachen.de\/wp-content\/uploads\/2025\/12\/FotoAK_Simpelveld.jpg 2000w, https:\/\/www.nabu-aachen.de\/wp-content\/uploads\/2025\/12\/FotoAK_Simpelveld-300x200@2x.jpg 600w\" sizes=\"auto, (max-width: 1000px) 100vw, 1000px\" \/><\/a><p id=\"caption-attachment-7401\" class=\"wp-caption-text\">AK Naturfotografie auf dem Museumsbahnhof &#8211; Foto: Ulrich Schwenk<\/p><\/div>\n<p>Auch dieses Jahr hat der Arbeitkreis Naturfotografie ein paar Exkursionen durchgef\u00fchrt. Hier haben wir den Museumsbahnhof in Simpelveld besucht. Die Gleisbetten und die Lagerbereiche f\u00fcr Ersatzteile sind ein sch\u00f6nes Biotop f\u00fcr Insekten. Wer macht wohl dort den Schabernack?<\/p>\n<div id=\"attachment_7398\" style=\"width: 514px\" class=\"wp-caption aligncenter\"><a href=\"https:\/\/www.nabu-aachen.de\/wp-content\/uploads\/2025\/12\/Wildbienen_in_Maastricht.jpg\"><img loading=\"lazy\" decoding=\"async\" aria-describedby=\"caption-attachment-7398\" class=\"size-full wp-image-7398\" src=\"https:\/\/www.nabu-aachen.de\/wp-content\/uploads\/2025\/12\/Wildbienen_in_Maastricht.jpg\" alt=\"\" width=\"504\" height=\"378\" srcset=\"https:\/\/www.nabu-aachen.de\/wp-content\/uploads\/2025\/12\/Wildbienen_in_Maastricht.jpg 504w, https:\/\/www.nabu-aachen.de\/wp-content\/uploads\/2025\/12\/Wildbienen_in_Maastricht-300x225.jpg 300w, https:\/\/www.nabu-aachen.de\/wp-content\/uploads\/2025\/12\/Wildbienen_in_Maastricht-16x12.jpg 16w\" sizes=\"auto, (max-width: 504px) 100vw, 504px\" \/><\/a><p id=\"caption-attachment-7398\" class=\"wp-caption-text\">Exkursion zu den Wildbienengebieten bei Maastricht &#8211; Foto: Monika Neli\u00dfen<\/p><\/div>\n<p>Im Juni ging es f\u00fcr die Mitglieder des NABU-Wildbienen-Arbeitskreises nach Maastricht. Sandra hat es organisiert und gef\u00fchrt hat die Exkursion Peter Ablas von CNME (Centrum voor Natuur- en Milieueducatie in Maastricht).<\/p>\n<p>Siedlungsgebiet angesied<\/p>\n<div id=\"attachment_7390\" style=\"width: 1010px\" class=\"wp-caption aligncenter\"><a href=\"https:\/\/www.nabu-aachen.de\/wp-content\/uploads\/2025\/12\/LIBA_Schneeberg.jpg\"><img loading=\"lazy\" decoding=\"async\" aria-describedby=\"caption-attachment-7390\" class=\"size-large wp-image-7390\" src=\"https:\/\/www.nabu-aachen.de\/wp-content\/uploads\/2025\/12\/LIBA_Schneeberg-1000x662.jpg\" alt=\"\" width=\"1000\" height=\"662\" srcset=\"https:\/\/www.nabu-aachen.de\/wp-content\/uploads\/2025\/12\/LIBA_Schneeberg-1000x662.jpg 1000w, https:\/\/www.nabu-aachen.de\/wp-content\/uploads\/2025\/12\/LIBA_Schneeberg-300x199.jpg 300w, https:\/\/www.nabu-aachen.de\/wp-content\/uploads\/2025\/12\/LIBA_Schneeberg-1536x1017.jpg 1536w, https:\/\/www.nabu-aachen.de\/wp-content\/uploads\/2025\/12\/LIBA_Schneeberg-18x12.jpg 18w, https:\/\/www.nabu-aachen.de\/wp-content\/uploads\/2025\/12\/LIBA_Schneeberg.jpg 2000w, https:\/\/www.nabu-aachen.de\/wp-content\/uploads\/2025\/12\/LIBA_Schneeberg-300x199@2x.jpg 600w\" sizes=\"auto, (max-width: 1000px) 100vw, 1000px\" \/><\/a><p id=\"caption-attachment-7390\" class=\"wp-caption-text\">LIBA Bl\u00fchstreifen am Schneeberg &#8211; Foto: Ulrich Schwenk<\/p><\/div>\n<p>Die LIBA Bl\u00fchfl\u00e4che am Schneeberg steht in voller Bl\u00fcte. Ein Paradies f\u00fcr Insekten und V\u00f6gel, hier speziell Stieglitze (<i>Carduelis carduelis<\/i>). Wer allerdings unter Heuschnupfen leidet, sieht die Pracht eher wie in einer Doppelbelichtung ;).<\/p>\n<div id=\"attachment_7380\" style=\"width: 1010px\" class=\"wp-caption aligncenter\"><a href=\"https:\/\/www.nabu-aachen.de\/wp-content\/uploads\/2025\/12\/Orni_Exk_Texel.jpg\"><img loading=\"lazy\" decoding=\"async\" aria-describedby=\"caption-attachment-7380\" class=\"size-large wp-image-7380\" src=\"https:\/\/www.nabu-aachen.de\/wp-content\/uploads\/2025\/12\/Orni_Exk_Texel-1000x667.jpg\" alt=\"\" width=\"1000\" height=\"667\" srcset=\"https:\/\/www.nabu-aachen.de\/wp-content\/uploads\/2025\/12\/Orni_Exk_Texel-1000x667.jpg 1000w, https:\/\/www.nabu-aachen.de\/wp-content\/uploads\/2025\/12\/Orni_Exk_Texel-300x200.jpg 300w, https:\/\/www.nabu-aachen.de\/wp-content\/uploads\/2025\/12\/Orni_Exk_Texel-1536x1024.jpg 1536w, https:\/\/www.nabu-aachen.de\/wp-content\/uploads\/2025\/12\/Orni_Exk_Texel-18x12.jpg 18w, https:\/\/www.nabu-aachen.de\/wp-content\/uploads\/2025\/12\/Orni_Exk_Texel.jpg 2000w, https:\/\/www.nabu-aachen.de\/wp-content\/uploads\/2025\/12\/Orni_Exk_Texel-300x200@2x.jpg 600w\" sizes=\"auto, (max-width: 1000px) 100vw, 1000px\" \/><\/a><p id=\"caption-attachment-7380\" class=\"wp-caption-text\">Ornithologische Exkursion auf Texel (NL) &#8211; Foto: Ulrich Schwenk<\/p><\/div>\n<p>Es herrscht Inselwetter auf Texel. Trotzdem sind alle begeistert dabei. Die ornithologische Exkursion auf Texel bot viele interessante Entdeckungen, unter Anderem durften wir einen Rotkopfw\u00fcrger (<em>Lanius<\/em> <em>senator<\/em>) entdecken.<\/p>\n<div id=\"attachment_7376\" style=\"width: 1010px\" class=\"wp-caption aligncenter\"><a href=\"https:\/\/www.nabu-aachen.de\/wp-content\/uploads\/2025\/12\/Wilkensberg.jpg\"><img loading=\"lazy\" decoding=\"async\" aria-describedby=\"caption-attachment-7376\" class=\"size-large wp-image-7376\" src=\"https:\/\/www.nabu-aachen.de\/wp-content\/uploads\/2025\/12\/Wilkensberg-1000x750.jpg\" alt=\"\" width=\"1000\" height=\"750\" srcset=\"https:\/\/www.nabu-aachen.de\/wp-content\/uploads\/2025\/12\/Wilkensberg-1000x750.jpg 1000w, https:\/\/www.nabu-aachen.de\/wp-content\/uploads\/2025\/12\/Wilkensberg-300x225.jpg 300w, https:\/\/www.nabu-aachen.de\/wp-content\/uploads\/2025\/12\/Wilkensberg-1536x1152.jpg 1536w, https:\/\/www.nabu-aachen.de\/wp-content\/uploads\/2025\/12\/Wilkensberg-16x12.jpg 16w, https:\/\/www.nabu-aachen.de\/wp-content\/uploads\/2025\/12\/Wilkensberg.jpg 2000w, https:\/\/www.nabu-aachen.de\/wp-content\/uploads\/2025\/12\/Wilkensberg-300x225@2x.jpg 600w\" sizes=\"auto, (max-width: 1000px) 100vw, 1000px\" \/><\/a><p id=\"caption-attachment-7376\" class=\"wp-caption-text\">Biotoppflege am Wilkensberg &#8211; Foto: Pia Hellebrandt<\/p><\/div>\n<p>Die HeldInnen vom Wilkenberg. Anfang Sommer steht traditionell die Pflege der Magerrasengebiete am Wilkensberg bei Seffent an. Die fachliche Aufsicht und Leitung hat Helmut Kreusch. Wie immer ist es steil und hei\u00df &#8230; und lustig.<\/p>\n<div id=\"attachment_7371\" style=\"width: 1010px\" class=\"wp-caption aligncenter\"><a href=\"https:\/\/www.nabu-aachen.de\/wp-content\/uploads\/2025\/12\/Nettetal.jpg\"><img loading=\"lazy\" decoding=\"async\" aria-describedby=\"caption-attachment-7371\" class=\"size-large wp-image-7371\" src=\"https:\/\/www.nabu-aachen.de\/wp-content\/uploads\/2025\/12\/Nettetal-1000x665.jpg\" alt=\"\" width=\"1000\" height=\"665\" srcset=\"https:\/\/www.nabu-aachen.de\/wp-content\/uploads\/2025\/12\/Nettetal-1000x665.jpg 1000w, https:\/\/www.nabu-aachen.de\/wp-content\/uploads\/2025\/12\/Nettetal-300x200.jpg 300w, https:\/\/www.nabu-aachen.de\/wp-content\/uploads\/2025\/12\/Nettetal-1536x1021.jpg 1536w, https:\/\/www.nabu-aachen.de\/wp-content\/uploads\/2025\/12\/Nettetal-18x12.jpg 18w, https:\/\/www.nabu-aachen.de\/wp-content\/uploads\/2025\/12\/Nettetal.jpg 2000w, https:\/\/www.nabu-aachen.de\/wp-content\/uploads\/2025\/12\/Nettetal-300x200@2x.jpg 600w\" sizes=\"auto, (max-width: 1000px) 100vw, 1000px\" \/><\/a><p id=\"caption-attachment-7371\" class=\"wp-caption-text\">NABU Naturschutzhof Nettetal &#8211; Foto: Ulrich Schwenk<\/p><\/div>\n<p>Zur\u00fcck zu den Wurzeln. Im Naturschutzhof Nettetal hat Monika Neli\u00dfen ihr ersten biologischen Unternehmungen gestartet. Bei unserem Ausflug hat sie uns den Hof vorgestellt und mit einem interessanten Spaziergang um den De Witt See uns die Natur der Gegend nahe gebracht.<\/p>\n<div id=\"attachment_7365\" style=\"width: 1010px\" class=\"wp-caption aligncenter\"><a href=\"https:\/\/www.nabu-aachen.de\/wp-content\/uploads\/2025\/12\/Schmetterlings_exk.jpg\"><img loading=\"lazy\" decoding=\"async\" aria-describedby=\"caption-attachment-7365\" class=\"size-large wp-image-7365\" src=\"https:\/\/www.nabu-aachen.de\/wp-content\/uploads\/2025\/12\/Schmetterlings_exk-1000x668.jpg\" alt=\"\" width=\"1000\" height=\"668\" srcset=\"https:\/\/www.nabu-aachen.de\/wp-content\/uploads\/2025\/12\/Schmetterlings_exk-1000x668.jpg 1000w, https:\/\/www.nabu-aachen.de\/wp-content\/uploads\/2025\/12\/Schmetterlings_exk-300x200.jpg 300w, https:\/\/www.nabu-aachen.de\/wp-content\/uploads\/2025\/12\/Schmetterlings_exk-1536x1025.jpg 1536w, https:\/\/www.nabu-aachen.de\/wp-content\/uploads\/2025\/12\/Schmetterlings_exk-18x12.jpg 18w, https:\/\/www.nabu-aachen.de\/wp-content\/uploads\/2025\/12\/Schmetterlings_exk.jpg 2000w, https:\/\/www.nabu-aachen.de\/wp-content\/uploads\/2025\/12\/Schmetterlings_exk-300x200@2x.jpg 600w\" sizes=\"auto, (max-width: 1000px) 100vw, 1000px\" \/><\/a><p id=\"caption-attachment-7365\" class=\"wp-caption-text\">Schmetterlingsexkursion in Plombi\u00e8res &#8211; Foto: Ulrich Schwenk<\/p><\/div>\n<p>Wenn es w\u00e4rmer wird kann der NABU diese Spezies beobachten. Schmetterlingsfreunde durchstreifen die Natur. Hier eine Exkursion in Plombi\u00e8res (B).<\/p>\n<div id=\"attachment_7362\" style=\"width: 1010px\" class=\"wp-caption aligncenter\"><a href=\"https:\/\/www.nabu-aachen.de\/wp-content\/uploads\/2025\/12\/Aachen_zeigt_engagement.jpg\"><img loading=\"lazy\" decoding=\"async\" aria-describedby=\"caption-attachment-7362\" class=\"size-large wp-image-7362\" src=\"https:\/\/www.nabu-aachen.de\/wp-content\/uploads\/2025\/12\/Aachen_zeigt_engagement-1000x677.jpg\" alt=\"\" width=\"1000\" height=\"677\" srcset=\"https:\/\/www.nabu-aachen.de\/wp-content\/uploads\/2025\/12\/Aachen_zeigt_engagement-1000x677.jpg 1000w, https:\/\/www.nabu-aachen.de\/wp-content\/uploads\/2025\/12\/Aachen_zeigt_engagement-300x203.jpg 300w, https:\/\/www.nabu-aachen.de\/wp-content\/uploads\/2025\/12\/Aachen_zeigt_engagement-1536x1039.jpg 1536w, https:\/\/www.nabu-aachen.de\/wp-content\/uploads\/2025\/12\/Aachen_zeigt_engagement-18x12.jpg 18w, https:\/\/www.nabu-aachen.de\/wp-content\/uploads\/2025\/12\/Aachen_zeigt_engagement.jpg 1954w, https:\/\/www.nabu-aachen.de\/wp-content\/uploads\/2025\/12\/Aachen_zeigt_engagement-300x203@2x.jpg 600w\" sizes=\"auto, (max-width: 1000px) 100vw, 1000px\" \/><\/a><p id=\"caption-attachment-7362\" class=\"wp-caption-text\">Aachen zeigt Engagement &#8211; Foto: Thomas Langens (Thomas-Langens.de)<\/p><\/div>\n<p>Auch bei dem ehemaligen &#8222;Ehrenamtsfest&#8220; das nun &#8222;Aachen zeigt Engagement&#8220; hei\u00dft, durften wir nicht fehlen. Vielen Dank an den Aachener Fotograf Thomas Langen f\u00fcr die Freigabe des Fotos vom Mai im Aachener Stadtpark.<\/p>\n<div id=\"attachment_7357\" style=\"width: 1010px\" class=\"wp-caption aligncenter\"><a href=\"https:\/\/www.nabu-aachen.de\/wp-content\/uploads\/2025\/12\/Pflanzenboerse.jpg\"><img loading=\"lazy\" decoding=\"async\" aria-describedby=\"caption-attachment-7357\" class=\"size-large wp-image-7357\" src=\"https:\/\/www.nabu-aachen.de\/wp-content\/uploads\/2025\/12\/Pflanzenboerse-1000x738.jpg\" alt=\"\" width=\"1000\" height=\"738\" srcset=\"https:\/\/www.nabu-aachen.de\/wp-content\/uploads\/2025\/12\/Pflanzenboerse-1000x738.jpg 1000w, https:\/\/www.nabu-aachen.de\/wp-content\/uploads\/2025\/12\/Pflanzenboerse-300x221.jpg 300w, https:\/\/www.nabu-aachen.de\/wp-content\/uploads\/2025\/12\/Pflanzenboerse-1536x1133.jpg 1536w, https:\/\/www.nabu-aachen.de\/wp-content\/uploads\/2025\/12\/Pflanzenboerse-16x12.jpg 16w, https:\/\/www.nabu-aachen.de\/wp-content\/uploads\/2025\/12\/Pflanzenboerse.jpg 2000w, https:\/\/www.nabu-aachen.de\/wp-content\/uploads\/2025\/12\/Pflanzenboerse-300x221@2x.jpg 600w\" sizes=\"auto, (max-width: 1000px) 100vw, 1000px\" \/><\/a><p id=\"caption-attachment-7357\" class=\"wp-caption-text\">Die Pflanzenb\u00f6rse im Floriansdorf &#8211; Foto: Ulrich Schwenk<\/p><\/div>\n<p>Auch die Pflanzenb\u00f6rse, wie immer am letzten Sonntag im April im Floriansdorf, erfreute sich besten Wetters und reichlichen Besuchs. Zusammen mit der Kolpingfamilie wurde diese Veranstaltung zu einem gro\u00dfen Erfolg.<\/p>\n<div id=\"attachment_7354\" style=\"width: 1010px\" class=\"wp-caption aligncenter\"><a href=\"https:\/\/www.nabu-aachen.de\/wp-content\/uploads\/2025\/12\/Fruehlingsfest-Kopie.jpg\"><img loading=\"lazy\" decoding=\"async\" aria-describedby=\"caption-attachment-7354\" class=\"size-large wp-image-7354\" src=\"https:\/\/www.nabu-aachen.de\/wp-content\/uploads\/2025\/12\/Fruehlingsfest-Kopie-1000x437.jpg\" alt=\"\" width=\"1000\" height=\"437\" srcset=\"https:\/\/www.nabu-aachen.de\/wp-content\/uploads\/2025\/12\/Fruehlingsfest-Kopie-1000x437.jpg 1000w, https:\/\/www.nabu-aachen.de\/wp-content\/uploads\/2025\/12\/Fruehlingsfest-Kopie-300x131.jpg 300w, https:\/\/www.nabu-aachen.de\/wp-content\/uploads\/2025\/12\/Fruehlingsfest-Kopie-1536x671.jpg 1536w, https:\/\/www.nabu-aachen.de\/wp-content\/uploads\/2025\/12\/Fruehlingsfest-Kopie-18x8.jpg 18w, https:\/\/www.nabu-aachen.de\/wp-content\/uploads\/2025\/12\/Fruehlingsfest-Kopie.jpg 1969w, https:\/\/www.nabu-aachen.de\/wp-content\/uploads\/2025\/12\/Fruehlingsfest-Kopie-300x131@2x.jpg 600w\" sizes=\"auto, (max-width: 1000px) 100vw, 1000px\" \/><\/a><p id=\"caption-attachment-7354\" class=\"wp-caption-text\">Das Fr\u00fchlingsfest im Quartiersgarten Gut Kullen &#8211; Foto: Ulrich Schwenk<\/p><\/div>\n<p>Gl\u00fcck muss man haben. Unsere Projekte mit der Stiftung f\u00fcr Umwelt und Entwicklung &#8222;Quartiersgarten Gut Kullen&#8220; und mit der Caritas &#8222;Mensch, Natur unser Viertel&#8220; bekamen f\u00fcr ihr Fr\u00fchlingsfest ein wunderbares Sch\u00f6nwetterfenster.<\/p>\n<div id=\"attachment_7351\" style=\"width: 1010px\" class=\"wp-caption aligncenter\"><a href=\"https:\/\/www.nabu-aachen.de\/wp-content\/uploads\/2025\/12\/Liebesbaumallee.jpg\"><img loading=\"lazy\" decoding=\"async\" aria-describedby=\"caption-attachment-7351\" class=\"size-large wp-image-7351\" src=\"https:\/\/www.nabu-aachen.de\/wp-content\/uploads\/2025\/12\/Liebesbaumallee-1000x658.jpg\" alt=\"\" width=\"1000\" height=\"658\" srcset=\"https:\/\/www.nabu-aachen.de\/wp-content\/uploads\/2025\/12\/Liebesbaumallee-1000x658.jpg 1000w, https:\/\/www.nabu-aachen.de\/wp-content\/uploads\/2025\/12\/Liebesbaumallee-300x197.jpg 300w, https:\/\/www.nabu-aachen.de\/wp-content\/uploads\/2025\/12\/Liebesbaumallee-1536x1011.jpg 1536w, https:\/\/www.nabu-aachen.de\/wp-content\/uploads\/2025\/12\/Liebesbaumallee-18x12.jpg 18w, https:\/\/www.nabu-aachen.de\/wp-content\/uploads\/2025\/12\/Liebesbaumallee.jpg 2000w, https:\/\/www.nabu-aachen.de\/wp-content\/uploads\/2025\/12\/Liebesbaumallee-300x197@2x.jpg 600w\" sizes=\"auto, (max-width: 1000px) 100vw, 1000px\" \/><\/a><p id=\"caption-attachment-7351\" class=\"wp-caption-text\">Die Liebesbaumallee im M\u00fcschpark &#8211; Foto: Ulrich Schwenk<\/p><\/div>\n<p>Am Valentinstag war es soweit, das <em>Eine Welt Forum Aachen\u00a0<\/em>hat im M\u00fcschpark unter Anderem mit dem NABU zusammen Esskastanien gepflanzt. Diese B\u00e4ume haben von Ihren Paten ein Gedicht oder ein Lied gewidmet \u00a0bekommen. Die Pflanzung wurde von der damaligen Oberb\u00fcrgermeisterin Sibylle Keupen begleitet.<\/p>\n<div id=\"attachment_7317\" style=\"width: 1010px\" class=\"wp-caption aligncenter\"><a href=\"https:\/\/www.nabu-aachen.de\/wp-content\/uploads\/2025\/12\/R0000237_DxO.jpg\"><img loading=\"lazy\" decoding=\"async\" aria-describedby=\"caption-attachment-7317\" class=\"size-large wp-image-7317\" src=\"https:\/\/www.nabu-aachen.de\/wp-content\/uploads\/2025\/12\/R0000237_DxO-1000x665.jpg\" alt=\"\" width=\"1000\" height=\"665\" srcset=\"https:\/\/www.nabu-aachen.de\/wp-content\/uploads\/2025\/12\/R0000237_DxO-1000x665.jpg 1000w, https:\/\/www.nabu-aachen.de\/wp-content\/uploads\/2025\/12\/R0000237_DxO-300x200.jpg 300w, https:\/\/www.nabu-aachen.de\/wp-content\/uploads\/2025\/12\/R0000237_DxO-1536x1021.jpg 1536w, https:\/\/www.nabu-aachen.de\/wp-content\/uploads\/2025\/12\/R0000237_DxO-18x12.jpg 18w, https:\/\/www.nabu-aachen.de\/wp-content\/uploads\/2025\/12\/R0000237_DxO.jpg 2000w, https:\/\/www.nabu-aachen.de\/wp-content\/uploads\/2025\/12\/R0000237_DxO-300x200@2x.jpg 600w\" sizes=\"auto, (max-width: 1000px) 100vw, 1000px\" \/><\/a><p id=\"caption-attachment-7317\" class=\"wp-caption-text\">Seminar zu Verbandsstellungnahmen &#8211; Foto: Ulrich Schwenk<\/p><\/div>\n<p>Viele Aufgaben ben\u00f6tigen auch eine Anzahl von Schulungen. Hier konnten wir f\u00fcr den NABU, BUND, LNU \u00a0und das \u00d6kologiezentrum Aachen sowie anderen Interessierten eine Dozentin einladen um die Grundlagen der Verbandbeteiligung durch Stellungnahmen vorzustellen. Bei Bedarf \u00fcbernimmt der NABU einen Teil der Ausbildungskosten, z.B. auch Erste Hilfe im Outdoor Bereich.<\/p>\n<div id=\"attachment_7306\" style=\"width: 1010px\" class=\"wp-caption aligncenter\"><a href=\"https:\/\/www.nabu-aachen.de\/wp-content\/uploads\/2025\/12\/Pflege_Freyenter_Wald.jpg\"><img loading=\"lazy\" decoding=\"async\" aria-describedby=\"caption-attachment-7306\" class=\"size-large wp-image-7306\" src=\"https:\/\/www.nabu-aachen.de\/wp-content\/uploads\/2025\/12\/Pflege_Freyenter_Wald-1000x750.jpg\" alt=\"\" width=\"1000\" height=\"750\" srcset=\"https:\/\/www.nabu-aachen.de\/wp-content\/uploads\/2025\/12\/Pflege_Freyenter_Wald-1000x750.jpg 1000w, https:\/\/www.nabu-aachen.de\/wp-content\/uploads\/2025\/12\/Pflege_Freyenter_Wald-300x225.jpg 300w, https:\/\/www.nabu-aachen.de\/wp-content\/uploads\/2025\/12\/Pflege_Freyenter_Wald-1536x1152.jpg 1536w, https:\/\/www.nabu-aachen.de\/wp-content\/uploads\/2025\/12\/Pflege_Freyenter_Wald-16x12.jpg 16w, https:\/\/www.nabu-aachen.de\/wp-content\/uploads\/2025\/12\/Pflege_Freyenter_Wald.jpg 2000w, https:\/\/www.nabu-aachen.de\/wp-content\/uploads\/2025\/12\/Pflege_Freyenter_Wald-300x225@2x.jpg 600w\" sizes=\"auto, (max-width: 1000px) 100vw, 1000px\" \/><\/a><p id=\"caption-attachment-7306\" class=\"wp-caption-text\">Pflege und Waldentwicklungskonzept Freyenter Wald &#8211; Foto: Ulrich Schwenk<\/p><\/div>\n<p>Eine gut besuchte Tradition im Winter ist der Pflegeeinsatz in unserem Freyenter Wald. \u2026 Nat\u00fcrlich mit Apfelpunsch! Und dieses Mal hat sich Manfred Aletsee es sich nicht nehmen lassen das Waldwildniskonzept vorzustellen &#8230; nicht ohne Stolz \ud83d\ude09<\/p>\n<div id=\"attachment_7307\" style=\"width: 758px\" class=\"wp-caption aligncenter\"><a href=\"https:\/\/www.nabu-aachen.de\/wp-content\/uploads\/2025\/12\/Quartiersgarten_Weiden_Tipi.jpg\"><img loading=\"lazy\" decoding=\"async\" aria-describedby=\"caption-attachment-7307\" class=\"size-large wp-image-7307\" src=\"https:\/\/www.nabu-aachen.de\/wp-content\/uploads\/2025\/12\/Quartiersgarten_Weiden_Tipi-748x1000.jpg\" alt=\"\" width=\"748\" height=\"1000\" srcset=\"https:\/\/www.nabu-aachen.de\/wp-content\/uploads\/2025\/12\/Quartiersgarten_Weiden_Tipi-748x1000.jpg 748w, https:\/\/www.nabu-aachen.de\/wp-content\/uploads\/2025\/12\/Quartiersgarten_Weiden_Tipi-224x300.jpg 224w, https:\/\/www.nabu-aachen.de\/wp-content\/uploads\/2025\/12\/Quartiersgarten_Weiden_Tipi-1149x1536.jpg 1149w, https:\/\/www.nabu-aachen.de\/wp-content\/uploads\/2025\/12\/Quartiersgarten_Weiden_Tipi-9x12.jpg 9w, https:\/\/www.nabu-aachen.de\/wp-content\/uploads\/2025\/12\/Quartiersgarten_Weiden_Tipi.jpg 1496w, https:\/\/www.nabu-aachen.de\/wp-content\/uploads\/2025\/12\/Quartiersgarten_Weiden_Tipi-224x300@2x.jpg 448w\" sizes=\"auto, (max-width: 748px) 100vw, 748px\" \/><\/a><p id=\"caption-attachment-7307\" class=\"wp-caption-text\">Die Schlammschlacht im Quartiersgarten &#8211; Foto: Ulrich Schwenk<\/p><\/div>\n<p>Unserer Powerfrauen von der Umweltbildung legen selber die Hand an um das Weiden-Tipi im Quartiersgarten zu implementieren. Vielen Dank an NABU Aachen-Land f\u00fcr die Weidenrutenspende!<\/p>","protected":false},"excerpt":{"rendered":"<p>Es ist eine sch\u00f6ne Tradition geworden am Ende des Jahres einige H\u00f6hepunkte unserer NABU-Vereinsarbeit und -Aktionen per Foto vorzustellen. F\u00fcr jedes Adventst\u00fcrchen gibt es ein Bild von unserem Vereinsleben in 2025. Allen ein frohes&#46;&#46;&#46;<\/p>","protected":false},"author":6,"featured_media":7310,"comment_status":"closed","ping_status":"closed","sticky":false,"template":"","format":"standard","meta":{"_lmt_disableupdate":"","_lmt_disable":"","footnotes":""},"categories":[2],"tags":[],"class_list":["post-7308","post","type-post","status-publish","format-standard","has-post-thumbnail","hentry","category-aktuelles"],"modified_by":"Ulrich Schwenk","_links":{"self":[{"href":"https:\/\/www.nabu-aachen.de\/en\/wp-json\/wp\/v2\/posts\/7308","targetHints":{"allow":["GET"]}}],"collection":[{"href":"https:\/\/www.nabu-aachen.de\/en\/wp-json\/wp\/v2\/posts"}],"about":[{"href":"https:\/\/www.nabu-aachen.de\/en\/wp-json\/wp\/v2\/types\/post"}],"author":[{"embeddable":true,"href":"https:\/\/www.nabu-aachen.de\/en\/wp-json\/wp\/v2\/users\/6"}],"replies":[{"embeddable":true,"href":"https:\/\/www.nabu-aachen.de\/en\/wp-json\/wp\/v2\/comments?post=7308"}],"version-history":[{"count":25,"href":"https:\/\/www.nabu-aachen.de\/en\/wp-json\/wp\/v2\/posts\/7308\/revisions"}],"predecessor-version":[{"id":7441,"href":"https:\/\/www.nabu-aachen.de\/en\/wp-json\/wp\/v2\/posts\/7308\/revisions\/7441"}],"wp:featuredmedia":[{"embeddable":true,"href":"https:\/\/www.nabu-aachen.de\/en\/wp-json\/wp\/v2\/media\/7310"}],"wp:attachment":[{"href":"https:\/\/www.nabu-aachen.de\/en\/wp-json\/wp\/v2\/media?parent=7308"}],"wp:term":[{"taxonomy":"category","embeddable":true,"href":"https:\/\/www.nabu-aachen.de\/en\/wp-json\/wp\/v2\/categories?post=7308"},{"taxonomy":"post_tag","embeddable":true,"href":"https:\/\/www.nabu-aachen.de\/en\/wp-json\/wp\/v2\/tags?post=7308"}],"curies":[{"name":"wp","href":"https:\/\/api.w.org\/{rel}","templated":true}]}}