{"id":7324,"date":"2025-12-02T16:28:27","date_gmt":"2025-12-02T15:28:27","guid":{"rendered":"https:\/\/www.nabu-aachen.de\/?p=7324"},"modified":"2025-12-05T09:57:26","modified_gmt":"2025-12-05T08:57:26","slug":"das-neue-nabu-programm-ist-da","status":"publish","type":"post","link":"https:\/\/www.nabu-aachen.de\/en\/das-neue-nabu-programm-ist-da\/","title":{"rendered":"Das neue NABU-Programm ist da"},"content":{"rendered":"<p>Der neue Veranstaltungsflyer 1. Halbjahr 2026, mit dem Rebhuhn als Vogel des Jahres auf der Titelseite, enth\u00e4lt die Programmpunkte des NABU-Stadtverbands und seiner Kooperationspartner von Dezember 2025 bis Juli 2026. F\u00fcr jeden ist etwas dabei unter den angebotenen Exkursionen, Workshops, Familienaktionen und Biotop-Pflegeeins\u00e4tzen. Auch die Pflanzenb\u00f6rse im Floriansdorf findet 2026 wieder statt. Das Programm steht ab sofort als pdf-Datei zum Download bereit.<\/p>\n<p><a href=\"https:\/\/www.nabu-aachen.de\/wp-content\/uploads\/2025\/12\/HJ_Programm_1_26_final_gedreht.pdf\">Programm 1. Halbjahr 2026<\/a><\/p>","protected":false},"excerpt":{"rendered":"<p>Der neue Veranstaltungsflyer 1. Halbjahr 2026, mit dem Rebhuhn als Vogel des Jahres auf der Titelseite, enth\u00e4lt die Programmpunkte des NABU-Stadtverbands und seiner Kooperationspartner von Dezember 2025 bis Juli 2026. F\u00fcr jeden ist etwas&#46;&#46;&#46;<\/p>","protected":false},"author":9,"featured_media":7340,"comment_status":"closed","ping_status":"closed","sticky":false,"template":"","format":"standard","meta":{"_lmt_disableupdate":"","_lmt_disable":"","footnotes":""},"categories":[2],"tags":[],"class_list":["post-7324","post","type-post","status-publish","format-standard","has-post-thumbnail","hentry","category-aktuelles"],"modified_by":"Ulrich Schwenk","_links":{"self":[{"href":"https:\/\/www.nabu-aachen.de\/en\/wp-json\/wp\/v2\/posts\/7324","targetHints":{"allow":["GET"]}}],"collection":[{"href":"https:\/\/www.nabu-aachen.de\/en\/wp-json\/wp\/v2\/posts"}],"about":[{"href":"https:\/\/www.nabu-aachen.de\/en\/wp-json\/wp\/v2\/types\/post"}],"author":[{"embeddable":true,"href":"https:\/\/www.nabu-aachen.de\/en\/wp-json\/wp\/v2\/users\/9"}],"replies":[{"embeddable":true,"href":"https:\/\/www.nabu-aachen.de\/en\/wp-json\/wp\/v2\/comments?post=7324"}],"version-history":[{"count":9,"href":"https:\/\/www.nabu-aachen.de\/en\/wp-json\/wp\/v2\/posts\/7324\/revisions"}],"predecessor-version":[{"id":7350,"href":"https:\/\/www.nabu-aachen.de\/en\/wp-json\/wp\/v2\/posts\/7324\/revisions\/7350"}],"wp:featuredmedia":[{"embeddable":true,"href":"https:\/\/www.nabu-aachen.de\/en\/wp-json\/wp\/v2\/media\/7340"}],"wp:attachment":[{"href":"https:\/\/www.nabu-aachen.de\/en\/wp-json\/wp\/v2\/media?parent=7324"}],"wp:term":[{"taxonomy":"category","embeddable":true,"href":"https:\/\/www.nabu-aachen.de\/en\/wp-json\/wp\/v2\/categories?post=7324"},{"taxonomy":"post_tag","embeddable":true,"href":"https:\/\/www.nabu-aachen.de\/en\/wp-json\/wp\/v2\/tags?post=7324"}],"curies":[{"name":"wp","href":"https:\/\/api.w.org\/{rel}","templated":true}]}}