{"id":7516,"date":"2026-01-27T15:31:53","date_gmt":"2026-01-27T14:31:53","guid":{"rendered":"https:\/\/www.nabu-aachen.de\/?p=7516"},"modified":"2026-01-27T15:31:57","modified_gmt":"2026-01-27T14:31:57","slug":"erfolgreiche-mitmachaktion-fuer-mensch-und-tier-im-quartier","status":"publish","type":"post","link":"https:\/\/www.nabu-aachen.de\/en\/erfolgreiche-mitmachaktion-fuer-mensch-und-tier-im-quartier\/","title":{"rendered":"Erfolgreiche Mitmachaktion f\u00fcr Mensch und Tier im Quartier"},"content":{"rendered":"<div id=\"attachment_7520\" style=\"width: 215px\" class=\"wp-caption aligncenter\"><a href=\"https:\/\/www.nabu-aachen.de\/wp-content\/uploads\/2026\/01\/Vogelfutter1.jpg\"><img loading=\"lazy\" decoding=\"async\" aria-describedby=\"caption-attachment-7520\" class=\"size-medium wp-image-7520\" src=\"https:\/\/www.nabu-aachen.de\/wp-content\/uploads\/2026\/01\/Vogelfutter1-205x300.jpg\" alt=\"\" width=\"205\" height=\"300\" srcset=\"https:\/\/www.nabu-aachen.de\/wp-content\/uploads\/2026\/01\/Vogelfutter1-205x300.jpg 205w, https:\/\/www.nabu-aachen.de\/wp-content\/uploads\/2026\/01\/Vogelfutter1-684x1000.jpg 684w, https:\/\/www.nabu-aachen.de\/wp-content\/uploads\/2026\/01\/Vogelfutter1-8x12.jpg 8w, https:\/\/www.nabu-aachen.de\/wp-content\/uploads\/2026\/01\/Vogelfutter1.jpg 935w, https:\/\/www.nabu-aachen.de\/wp-content\/uploads\/2026\/01\/Vogelfutter1-205x300@2x.jpg 410w\" sizes=\"auto, (max-width: 205px) 100vw, 205px\" \/><\/a><p id=\"caption-attachment-7520\" class=\"wp-caption-text\">Vogelfutter basteln im Quartiersgarten Gut Kullen &#8211; Foto: Ulrich Schwenk<\/p><\/div>\n<p style=\"font-weight: 400;\">Am 22. Januar fand im NABU-Projekt Quartiersgarten Gut Kullen eine fr\u00f6hliche und gut besuchte Mitmachaktion statt. Gemeinsam wurden kreative Tierfuttergeschenke gebastelt und im Quartiersgarten sowie im umliegenden Viertel verteilt \u2013 eine sch\u00f6ne Aktion, um den Tieren zu Jahresbeginn etwas Gutes zu tun und gleichzeitig das nachbarschaftliche Miteinander zu st\u00e4rken.<\/p>\n<div id=\"attachment_7524\" style=\"width: 255px\" class=\"wp-caption aligncenter\"><a href=\"https:\/\/www.nabu-aachen.de\/wp-content\/uploads\/2026\/01\/Vogelfutter4.jpg\"><img loading=\"lazy\" decoding=\"async\" aria-describedby=\"caption-attachment-7524\" class=\"size-medium wp-image-7524\" src=\"https:\/\/www.nabu-aachen.de\/wp-content\/uploads\/2026\/01\/Vogelfutter4-245x300.jpg\" alt=\"\" width=\"245\" height=\"300\" srcset=\"https:\/\/www.nabu-aachen.de\/wp-content\/uploads\/2026\/01\/Vogelfutter4-245x300.jpg 245w, https:\/\/www.nabu-aachen.de\/wp-content\/uploads\/2026\/01\/Vogelfutter4-816x1000.jpg 816w, https:\/\/www.nabu-aachen.de\/wp-content\/uploads\/2026\/01\/Vogelfutter4-10x12.jpg 10w, https:\/\/www.nabu-aachen.de\/wp-content\/uploads\/2026\/01\/Vogelfutter4.jpg 1115w, https:\/\/www.nabu-aachen.de\/wp-content\/uploads\/2026\/01\/Vogelfutter4-245x300@2x.jpg 490w\" sizes=\"auto, (max-width: 245px) 100vw, 245px\" \/><\/a><p id=\"caption-attachment-7524\" class=\"wp-caption-text\">Die Anleitung &#8211; Foto: Ulrich Schwenk<\/p><\/div>\n<p style=\"font-weight: 400;\">Der Quartiersgarten ist ein Natur- und Nutzgarten f\u00fcr das gesamte Quartier, der insbesondere Kindern und Familien wertvollen Naturkontakt erm\u00f6glicht. Hier wird Natur erlebt, Wissen geteilt und Gemeinschaft gelebt.<\/p>\n<div id=\"attachment_7526\" style=\"width: 235px\" class=\"wp-caption aligncenter\"><a href=\"https:\/\/www.nabu-aachen.de\/wp-content\/uploads\/2026\/01\/Vogelfutter6.jpg\"><img loading=\"lazy\" decoding=\"async\" aria-describedby=\"caption-attachment-7526\" class=\"size-medium wp-image-7526\" src=\"https:\/\/www.nabu-aachen.de\/wp-content\/uploads\/2026\/01\/Vogelfutter6-225x300.jpg\" alt=\"\" width=\"225\" height=\"300\" srcset=\"https:\/\/www.nabu-aachen.de\/wp-content\/uploads\/2026\/01\/Vogelfutter6-225x300.jpg 225w, https:\/\/www.nabu-aachen.de\/wp-content\/uploads\/2026\/01\/Vogelfutter6-750x1000.jpg 750w, https:\/\/www.nabu-aachen.de\/wp-content\/uploads\/2026\/01\/Vogelfutter6-1152x1536.jpg 1152w, https:\/\/www.nabu-aachen.de\/wp-content\/uploads\/2026\/01\/Vogelfutter6-9x12.jpg 9w, https:\/\/www.nabu-aachen.de\/wp-content\/uploads\/2026\/01\/Vogelfutter6.jpg 1500w, https:\/\/www.nabu-aachen.de\/wp-content\/uploads\/2026\/01\/Vogelfutter6-225x300@2x.jpg 450w\" sizes=\"auto, (max-width: 225px) 100vw, 225px\" \/><\/a><p id=\"caption-attachment-7526\" class=\"wp-caption-text\">Zubereitung &#8211; Foto: Helen Kahlenberg<\/p><\/div>\n<div id=\"attachment_7523\" style=\"width: 235px\" class=\"wp-caption aligncenter\"><a href=\"https:\/\/www.nabu-aachen.de\/wp-content\/uploads\/2026\/01\/Vogelfutter3.jpg\"><img loading=\"lazy\" decoding=\"async\" aria-describedby=\"caption-attachment-7523\" class=\"size-medium wp-image-7523\" src=\"https:\/\/www.nabu-aachen.de\/wp-content\/uploads\/2026\/01\/Vogelfutter3-225x300.jpg\" alt=\"\" width=\"225\" height=\"300\" srcset=\"https:\/\/www.nabu-aachen.de\/wp-content\/uploads\/2026\/01\/Vogelfutter3-225x300.jpg 225w, https:\/\/www.nabu-aachen.de\/wp-content\/uploads\/2026\/01\/Vogelfutter3-750x1000.jpg 750w, https:\/\/www.nabu-aachen.de\/wp-content\/uploads\/2026\/01\/Vogelfutter3-1152x1536.jpg 1152w, https:\/\/www.nabu-aachen.de\/wp-content\/uploads\/2026\/01\/Vogelfutter3-9x12.jpg 9w, https:\/\/www.nabu-aachen.de\/wp-content\/uploads\/2026\/01\/Vogelfutter3.jpg 1500w, https:\/\/www.nabu-aachen.de\/wp-content\/uploads\/2026\/01\/Vogelfutter3-225x300@2x.jpg 450w\" sizes=\"auto, (max-width: 225px) 100vw, 225px\" \/><\/a><p id=\"caption-attachment-7523\" class=\"wp-caption-text\">Das Endprodukt &#8211; Foto: Helen Kahlenberg<\/p><\/div>\n<div id=\"attachment_7525\" style=\"width: 227px\" class=\"wp-caption aligncenter\"><a href=\"https:\/\/www.nabu-aachen.de\/wp-content\/uploads\/2026\/01\/Vogelfutter5.jpg\"><img loading=\"lazy\" decoding=\"async\" aria-describedby=\"caption-attachment-7525\" class=\"size-medium wp-image-7525\" src=\"https:\/\/www.nabu-aachen.de\/wp-content\/uploads\/2026\/01\/Vogelfutter5-217x300.jpg\" alt=\"\" width=\"217\" height=\"300\" srcset=\"https:\/\/www.nabu-aachen.de\/wp-content\/uploads\/2026\/01\/Vogelfutter5-217x300.jpg 217w, https:\/\/www.nabu-aachen.de\/wp-content\/uploads\/2026\/01\/Vogelfutter5-723x1000.jpg 723w, https:\/\/www.nabu-aachen.de\/wp-content\/uploads\/2026\/01\/Vogelfutter5-9x12.jpg 9w, https:\/\/www.nabu-aachen.de\/wp-content\/uploads\/2026\/01\/Vogelfutter5.jpg 989w, https:\/\/www.nabu-aachen.de\/wp-content\/uploads\/2026\/01\/Vogelfutter5-217x300@2x.jpg 434w\" sizes=\"auto, (max-width: 217px) 100vw, 217px\" \/><\/a><p id=\"caption-attachment-7525\" class=\"wp-caption-text\">Die Positionierung &#8211; Foto: Ulrich Schwenk<\/p><\/div>\n<p style=\"font-weight: 400;\">Das Projekt wird \u00fcberbr\u00fcckend f\u00fcr ein weiteres Jahr von der Stiftung Umwelt und Entwicklung NRW finanziert. Parallel dazu wird aktiv nach einer langfristigen Finanzierung f\u00fcr den nachhaltigen Erhalt des Quartiersgartens gesucht, damit dieser besondere Ort auch in Zukunft bestehen kann.<\/p>\n<div id=\"attachment_7521\" style=\"width: 224px\" class=\"wp-caption aligncenter\"><a href=\"https:\/\/www.nabu-aachen.de\/wp-content\/uploads\/2026\/01\/Vogelfutter2.jpg\"><img loading=\"lazy\" decoding=\"async\" aria-describedby=\"caption-attachment-7521\" class=\"size-medium wp-image-7521\" src=\"https:\/\/www.nabu-aachen.de\/wp-content\/uploads\/2026\/01\/Vogelfutter2-214x300.jpg\" alt=\"\" width=\"214\" height=\"300\" srcset=\"https:\/\/www.nabu-aachen.de\/wp-content\/uploads\/2026\/01\/Vogelfutter2-214x300.jpg 214w, https:\/\/www.nabu-aachen.de\/wp-content\/uploads\/2026\/01\/Vogelfutter2-713x1000.jpg 713w, https:\/\/www.nabu-aachen.de\/wp-content\/uploads\/2026\/01\/Vogelfutter2-9x12.jpg 9w, https:\/\/www.nabu-aachen.de\/wp-content\/uploads\/2026\/01\/Vogelfutter2.jpg 928w, https:\/\/www.nabu-aachen.de\/wp-content\/uploads\/2026\/01\/Vogelfutter2-214x300@2x.jpg 428w\" sizes=\"auto, (max-width: 214px) 100vw, 214px\" \/><\/a><p id=\"caption-attachment-7521\" class=\"wp-caption-text\">Das NABU- und Caritas-Team &#8211; Foto: Ulrich Schwenk<\/p><\/div>\n<p style=\"font-weight: 400;\"><strong>Schon jetzt herzlich eingeladen:<\/strong><br \/>\n<strong>Fr\u00fchlingsfest im Quartiersgarten Gut Kullen<\/strong><br \/>\n<strong>26.03.2026 | 15\u201317 Uhr<\/strong><\/p>\n<p style=\"font-weight: 400;\">Wir freuen uns auf viele bekannte und neue Gesichter!<\/p>\n<p><a href=\"https:\/\/www.nabu-aachen.de\/wp-content\/uploads\/2026\/01\/image001.jpg\"><img loading=\"lazy\" decoding=\"async\" class=\"aligncenter size-medium wp-image-7518\" src=\"https:\/\/www.nabu-aachen.de\/wp-content\/uploads\/2026\/01\/image001-300x198.jpg\" alt=\"\" width=\"300\" height=\"198\" srcset=\"https:\/\/www.nabu-aachen.de\/wp-content\/uploads\/2026\/01\/image001-300x198.jpg 300w, https:\/\/www.nabu-aachen.de\/wp-content\/uploads\/2026\/01\/image001-1000x661.jpg 1000w, https:\/\/www.nabu-aachen.de\/wp-content\/uploads\/2026\/01\/image001-18x12.jpg 18w, https:\/\/www.nabu-aachen.de\/wp-content\/uploads\/2026\/01\/image001.jpg 1409w, https:\/\/www.nabu-aachen.de\/wp-content\/uploads\/2026\/01\/image001-300x198@2x.jpg 600w\" sizes=\"auto, (max-width: 300px) 100vw, 300px\" \/><\/a><\/p>\n<p><a href=\"https:\/\/www.nabu-aachen.de\/wp-content\/uploads\/2026\/01\/image003.jpg\"><img loading=\"lazy\" decoding=\"async\" class=\"aligncenter size-medium wp-image-7519\" src=\"https:\/\/www.nabu-aachen.de\/wp-content\/uploads\/2026\/01\/image003-277x300.jpg\" alt=\"\" width=\"277\" height=\"300\" srcset=\"https:\/\/www.nabu-aachen.de\/wp-content\/uploads\/2026\/01\/image003-277x300.jpg 277w, https:\/\/www.nabu-aachen.de\/wp-content\/uploads\/2026\/01\/image003-11x12.jpg 11w, https:\/\/www.nabu-aachen.de\/wp-content\/uploads\/2026\/01\/image003.jpg 414w\" sizes=\"auto, (max-width: 277px) 100vw, 277px\" \/><\/a><\/p>","protected":false},"excerpt":{"rendered":"<p>Am 22. Januar fand im NABU-Projekt Quartiersgarten Gut Kullen eine fr\u00f6hliche und gut besuchte Mitmachaktion statt. Gemeinsam wurden kreative Tierfuttergeschenke gebastelt und im Quartiersgarten sowie im umliegenden Viertel verteilt \u2013 eine sch\u00f6ne Aktion, um&#46;&#46;&#46;<\/p>","protected":false},"author":6,"featured_media":7522,"comment_status":"closed","ping_status":"closed","sticky":false,"template":"","format":"standard","meta":{"_lmt_disableupdate":"","_lmt_disable":"","footnotes":""},"categories":[2,8],"tags":[],"class_list":["post-7516","post","type-post","status-publish","format-standard","has-post-thumbnail","hentry","category-aktuelles","category-umweltbildung"],"modified_by":"Ulrich Schwenk","_links":{"self":[{"href":"https:\/\/www.nabu-aachen.de\/en\/wp-json\/wp\/v2\/posts\/7516","targetHints":{"allow":["GET"]}}],"collection":[{"href":"https:\/\/www.nabu-aachen.de\/en\/wp-json\/wp\/v2\/posts"}],"about":[{"href":"https:\/\/www.nabu-aachen.de\/en\/wp-json\/wp\/v2\/types\/post"}],"author":[{"embeddable":true,"href":"https:\/\/www.nabu-aachen.de\/en\/wp-json\/wp\/v2\/users\/6"}],"replies":[{"embeddable":true,"href":"https:\/\/www.nabu-aachen.de\/en\/wp-json\/wp\/v2\/comments?post=7516"}],"version-history":[{"count":3,"href":"https:\/\/www.nabu-aachen.de\/en\/wp-json\/wp\/v2\/posts\/7516\/revisions"}],"predecessor-version":[{"id":7528,"href":"https:\/\/www.nabu-aachen.de\/en\/wp-json\/wp\/v2\/posts\/7516\/revisions\/7528"}],"wp:featuredmedia":[{"embeddable":true,"href":"https:\/\/www.nabu-aachen.de\/en\/wp-json\/wp\/v2\/media\/7522"}],"wp:attachment":[{"href":"https:\/\/www.nabu-aachen.de\/en\/wp-json\/wp\/v2\/media?parent=7516"}],"wp:term":[{"taxonomy":"category","embeddable":true,"href":"https:\/\/www.nabu-aachen.de\/en\/wp-json\/wp\/v2\/categories?post=7516"},{"taxonomy":"post_tag","embeddable":true,"href":"https:\/\/www.nabu-aachen.de\/en\/wp-json\/wp\/v2\/tags?post=7516"}],"curies":[{"name":"wp","href":"https:\/\/api.w.org\/{rel}","templated":true}]}}