{"id":7638,"date":"2026-03-18T11:38:07","date_gmt":"2026-03-18T10:38:07","guid":{"rendered":"https:\/\/www.nabu-aachen.de\/?p=7638"},"modified":"2026-03-18T11:38:09","modified_gmt":"2026-03-18T10:38:09","slug":"mehr-natur-mehr-lebensqualitaet","status":"publish","type":"post","link":"https:\/\/www.nabu-aachen.de\/en\/mehr-natur-mehr-lebensqualitaet\/","title":{"rendered":"Mehr Natur, mehr Lebensqualit\u00e4t"},"content":{"rendered":"<div id=\"attachment_7637\" style=\"width: 160px\" class=\"wp-caption alignleft\"><a href=\"https:\/\/www.nabu-aachen.de\/wp-content\/uploads\/2026\/03\/11aP9079838_DxOgr-Kopie.jpg\"><img loading=\"lazy\" decoding=\"async\" aria-describedby=\"caption-attachment-7637\" class=\"size-thumbnail wp-image-7637\" src=\"https:\/\/www.nabu-aachen.de\/wp-content\/uploads\/2026\/03\/11aP9079838_DxOgr-Kopie-150x150.jpg\" alt=\"\" width=\"150\" height=\"150\" srcset=\"https:\/\/www.nabu-aachen.de\/wp-content\/uploads\/2026\/03\/11aP9079838_DxOgr-Kopie-150x150.jpg 150w, https:\/\/www.nabu-aachen.de\/wp-content\/uploads\/2026\/03\/11aP9079838_DxOgr-Kopie-160x160.jpg 160w, https:\/\/www.nabu-aachen.de\/wp-content\/uploads\/2026\/03\/11aP9079838_DxOgr-Kopie-320x320.jpg 320w, https:\/\/www.nabu-aachen.de\/wp-content\/uploads\/2026\/03\/11aP9079838_DxOgr-Kopie-150x150@2x.jpg 300w\" sizes=\"auto, (max-width: 150px) 100vw, 150px\" \/><\/a><p id=\"caption-attachment-7637\" class=\"wp-caption-text\">Bachufer &#8211; Foto: Alfred Reinartz<\/p><\/div>\n<p>PRESSEMITTEILUNG NABU NRW | Nr. 15\/26 | 18. M\u00e4rz 2026<\/p>\n<h3><strong>Mehr Natur, mehr Lebensqualit\u00e4t<\/strong><\/h3>\n<p><strong>NABU legt Hintergrundpapier mit Forderungen zur Umsetzung der EU-Wiederherstellungsverordnung in NRW vor<\/strong><\/p>\n<p><strong>D\u00fcsseldorf<\/strong>\u00a0W\u00e4hrend die Landesregierung Nordrhein-Westfalen aktuell \u00c4nderungen am Landesnaturschutzgesetz plant, die den Schutz von Arten und Lebensr\u00e4umen eher schw\u00e4chen als st\u00e4rken, steht das Land vor einer weit gr\u00f6\u00dferen naturschutzpolitischen Herausforderung: Der dramatische Zustand vieler \u00d6kosysteme erfordert eine konsequente und verbindliche Wiederherstellung der Natur anstatt weiterer Absenkung von Standards.<\/p>\n<p>Mit der EU-Wiederherstellungsverordnung (W-VO) liegt ein europ\u00e4ischer Rechtsrahmen vor, der genau dies einfordert und damit auch bestehender Naturschutzgesetzgebung neuen Schub verleihen kann. Der Begriff &#8222;Wiederherstellung&#8220; umfasst dabei s\u00e4mtliche Ma\u00dfnahmen, um gesch\u00e4digte \u00d6kosysteme in Wald, Agrarlandschaften und Siedlungsbereichen sowie Gew\u00e4sser in einen guten Zustand zu versetzen. Ob mehr Gr\u00fcnfl\u00e4chen statt Betonw\u00fcste in der Stadt, mehr klimaresiliente Laubw\u00e4lder statt Fichtenmonokulturen oder mehr Hecken und S\u00e4ume in unseren ausger\u00e4umten Agrarlandschaften intakte Natur kommt allen zugute: Durch den Schutz vor Extremwetterereignissen wie Hitzewellen, Starkregen und \u00dcberschwemmungen, als R\u00fcckgrat unserer Ern\u00e4hrungssicherheit und mit Erholungsr\u00e4umen zur Verbesserung der menschlichen Gesundheit.<\/p>\n<p>Mit seinem neuen Hintergrundpapier &#8222;Umsetzung der EU-Wiederherstellungsverordnung in NRW&#8220; zeigt der NABU NRW auf, wie die Vorgaben der Verordnung genutzt werden m\u00fcssen, um den fortschreitenden Verlust der biologischen Vielfalt zu stoppen und die Natur in Nordrhein-Westfalen langfristig zu st\u00e4rken. Mit der Wiederherstellungsverordnung liegt ein klarer Auftrag zur Umsetzung vor, sagt Dr. Heide Naderer, Vorsitzende des NABU NRW. Entscheidend ist, dass Nordrhein-Westfalen daraus konkrete Ma\u00dfnahmen ableitet, Zust\u00e4ndigkeiten kl\u00e4rt und die Umsetzung konsequent vorantreibt gemeinsam mit Kommunen, Land- und Forstwirtschaft sowie dem haupt- und ehrenamtlichen Naturschutz.<\/p>\n<p>Alarmierender Zustand der \u00d6kosysteme<br \/>\nDer Handlungsdruck ist enorm: Rund 80 Prozent der gesch\u00fctzten \u00d6kosysteme in Europa befinden sich in keinem guten Zustand. Auch in Nordrhein-Westfalen sind viele Waldlebensr\u00e4ume, artenreiches Gr\u00fcnland, Moore und Flie\u00dfgew\u00e4sser, stark degradiert mit sp\u00fcrbaren Folgen f\u00fcr Hochwasserschutz, Wasserverf\u00fcgbarkeit, Landwirtschaft und Klimaanpassung<br \/>\nMit der W-VO verpflichten sich die Mitgliedstaaten zu verbindlichen und messbaren Zielen f\u00fcr die Wiederherstellung gesch\u00e4digter \u00d6kosysteme und geben sich damit einen klaren Zeit- und Handlungsrahmen. Bei der konkreten Ma\u00dfnahmenwahl l\u00e4sst die Verordnung den Mitgliedsstaaten bewusst einen gro\u00dfen Handlungsspielraum. Au\u00dferdem sind viele Zielvorgaben und Indikatoren nicht neu und auch die notwendigen Datenerhebungen finden vielfach bereits statt.<\/p>\n<p>Klare Forderungen f\u00fcr NRW<br \/>\nDer NABU NRW macht in seinem Hintergrundpapier deutlich, welche politischen Weichenstellungen auf Landesebene jetzt notwendig sind. Dazu geh\u00f6ren:<br \/>\n&#8211; ein klares politisches Bekenntnis zur Umsetzung der W-VO und eine ressort\u00fcbergreifende Gesamtverantwortung,<br \/>\n&#8211; eine ambitionierte und kooperative Umsetzung unter Einbindung von Land- und Forstwirtschaft, Kommunen, Wissenschaft und Zivilgesellschaft,<br \/>\n&#8211; die Verankerung von verbindlicher Fl\u00e4chensparsamkeit und der Wiederherstellungsziele in Landes- und Regionalplanung, um Fl\u00e4chenkonflikte fr\u00fchzeitig zu kl\u00e4ren,<br \/>\n&#8211; sowie eine verl\u00e4ssliche und zielgerichtete Finanzierung, die bestehende F\u00f6rderprogramme konsequent auf die Ziele der W-VO ausrichtet.<\/p>\n<p>Erfolgreiche Wiederherstellung von Lebensr\u00e4umen braucht Planungssicherheit, ausreichende Finanzierung und die Zusammenarbeit aller relevanten Akteure, so Naderer. Wenn diese Voraussetzungen geschaffen werden, lassen sich Biodiversit\u00e4tsschutz, Klimaanpassung und eine nachhaltige Landnutzung miteinander verbinden.<\/p>\n<p>Eine Kurzfassung sowie das vollst\u00e4ndige Hintergrundpapier sind abrufbar unter:<br \/>\n<a href=\"http:\/\/www.nabu-nrw.de\/WVO\" target=\"blank\" rel=\"nofollow\">http:\/\/www.NABU-NRW.de\/WVO<\/a><\/p>","protected":false},"excerpt":{"rendered":"<p>PRESSEMITTEILUNG NABU NRW | Nr. 15\/26 | 18. M\u00e4rz 2026 Mehr Natur, mehr Lebensqualit\u00e4t NABU legt Hintergrundpapier mit Forderungen zur Umsetzung der EU-Wiederherstellungsverordnung in NRW vor D\u00fcsseldorf\u00a0W\u00e4hrend die Landesregierung Nordrhein-Westfalen aktuell \u00c4nderungen am Landesnaturschutzgesetz&#46;&#46;&#46;<\/p>","protected":false},"author":6,"featured_media":7637,"comment_status":"closed","ping_status":"closed","sticky":false,"template":"","format":"standard","meta":{"_lmt_disableupdate":"","_lmt_disable":"","footnotes":""},"categories":[2,92],"tags":[],"class_list":["post-7638","post","type-post","status-publish","format-standard","has-post-thumbnail","hentry","category-aktuelles","category-naturschutz"],"modified_by":"Ulrich Schwenk","_links":{"self":[{"href":"https:\/\/www.nabu-aachen.de\/en\/wp-json\/wp\/v2\/posts\/7638","targetHints":{"allow":["GET"]}}],"collection":[{"href":"https:\/\/www.nabu-aachen.de\/en\/wp-json\/wp\/v2\/posts"}],"about":[{"href":"https:\/\/www.nabu-aachen.de\/en\/wp-json\/wp\/v2\/types\/post"}],"author":[{"embeddable":true,"href":"https:\/\/www.nabu-aachen.de\/en\/wp-json\/wp\/v2\/users\/6"}],"replies":[{"embeddable":true,"href":"https:\/\/www.nabu-aachen.de\/en\/wp-json\/wp\/v2\/comments?post=7638"}],"version-history":[{"count":1,"href":"https:\/\/www.nabu-aachen.de\/en\/wp-json\/wp\/v2\/posts\/7638\/revisions"}],"predecessor-version":[{"id":7639,"href":"https:\/\/www.nabu-aachen.de\/en\/wp-json\/wp\/v2\/posts\/7638\/revisions\/7639"}],"wp:featuredmedia":[{"embeddable":true,"href":"https:\/\/www.nabu-aachen.de\/en\/wp-json\/wp\/v2\/media\/7637"}],"wp:attachment":[{"href":"https:\/\/www.nabu-aachen.de\/en\/wp-json\/wp\/v2\/media?parent=7638"}],"wp:term":[{"taxonomy":"category","embeddable":true,"href":"https:\/\/www.nabu-aachen.de\/en\/wp-json\/wp\/v2\/categories?post=7638"},{"taxonomy":"post_tag","embeddable":true,"href":"https:\/\/www.nabu-aachen.de\/en\/wp-json\/wp\/v2\/tags?post=7638"}],"curies":[{"name":"wp","href":"https:\/\/api.w.org\/{rel}","templated":true}]}}