{"id":7673,"date":"2026-04-29T15:16:42","date_gmt":"2026-04-29T13:16:42","guid":{"rendered":"https:\/\/www.nabu-aachen.de\/?p=7673"},"modified":"2026-04-29T15:16:44","modified_gmt":"2026-04-29T13:16:44","slug":"hoer-mal-wer-da-singt","status":"publish","type":"post","link":"https:\/\/www.nabu-aachen.de\/en\/hoer-mal-wer-da-singt\/","title":{"rendered":"H\u00f6r mal, wer da singt"},"content":{"rendered":"<p>Natur \/ V\u00f6gel<\/p>\n<div id=\"attachment_7671\" style=\"width: 160px\" class=\"wp-caption alignleft\"><a href=\"https:\/\/www.nabu-aachen.de\/wp-content\/uploads\/2026\/04\/Heckenbraunelle.jpg\"><img loading=\"lazy\" decoding=\"async\" aria-describedby=\"caption-attachment-7671\" class=\"size-thumbnail wp-image-7671\" src=\"https:\/\/www.nabu-aachen.de\/wp-content\/uploads\/2026\/04\/Heckenbraunelle-150x150.jpg\" alt=\"\" width=\"150\" height=\"150\" srcset=\"https:\/\/www.nabu-aachen.de\/wp-content\/uploads\/2026\/04\/Heckenbraunelle-150x150.jpg 150w, https:\/\/www.nabu-aachen.de\/wp-content\/uploads\/2026\/04\/Heckenbraunelle-300x300.jpg 300w, https:\/\/www.nabu-aachen.de\/wp-content\/uploads\/2026\/04\/Heckenbraunelle-1000x1000.jpg 1000w, https:\/\/www.nabu-aachen.de\/wp-content\/uploads\/2026\/04\/Heckenbraunelle-1536x1536.jpg 1536w, https:\/\/www.nabu-aachen.de\/wp-content\/uploads\/2026\/04\/Heckenbraunelle-12x12.jpg 12w, https:\/\/www.nabu-aachen.de\/wp-content\/uploads\/2026\/04\/Heckenbraunelle-160x160.jpg 160w, https:\/\/www.nabu-aachen.de\/wp-content\/uploads\/2026\/04\/Heckenbraunelle-320x320.jpg 320w, https:\/\/www.nabu-aachen.de\/wp-content\/uploads\/2026\/04\/Heckenbraunelle.jpg 2000w, https:\/\/www.nabu-aachen.de\/wp-content\/uploads\/2026\/04\/Heckenbraunelle-300x300@2x.jpg 600w\" sizes=\"auto, (max-width: 150px) 100vw, 150px\" \/><\/a><p id=\"caption-attachment-7671\" class=\"wp-caption-text\">Heckenbraunelle (Prunella modularis) &#8211; Foto: Ulrich Schwenk<\/p><\/div>\n<h2><strong>H\u00f6r mal, wer da singt<\/strong><\/h2>\n<p><strong>Im Fr\u00fchling gemeinsam mit dem NABU den V\u00f6geln lauschen \/ Hunderte Erlebnis-Spazierg\u00e4nge im Angebot<\/strong><\/p>\n<p>Berlin &#8211; Schon jetzt ist die Luft voller Vogelgezwitscher und jeden Tag kommen weitere gefiederte S\u00e4nger aus dem S\u00fcden zur\u00fcck. Der Mai mit seinen vielen Feiertagen ist der ideale Monat, die Vogelwelt zu entdecken, auf eigene Faust oder mit Unterst\u00fctzung des NABU. Der Weg zum NABU ist nie weit, denn Naturschutzgruppen gibt es in allen Regionen und Vogelstimmen-Exkursionen haben fast alle Gruppen im Angebot.<\/p>\n<p class=\"false\">\u201eDie Veranstaltungen sind gerade f\u00fcr Leute gut geeignet, die \u00fcber Piepm\u00e4tze noch nicht so gut Bescheid wissen\u201c, betont NABU-Vogelexperte Martin R\u00fcmmler. \u201eUnsere Aktiven kennen die besten Stellen, um interessante V\u00f6gel zu beobachten. Sie wissen, wie sich die \u00f6rtliche Vogelwelt entwickelt, wann der letzte Uhu gesehen wurde und warum die St\u00f6rche wieder mehr werden. Vor allem geben sie Tipps, wie man Arten nicht nur optisch, sondern am Gesang erkennt. Das k\u00f6nnen gute Apps zwar ebenfalls. Man h\u00e4lt das Mikro in die Luft und die App spuckt aus, dass da gerade eine Singdrossel zu h\u00f6ren war. Doch Apps erkl\u00e4ren nicht und sie erz\u00e4hlen keine Geschichten. Der Erlebnis- und Lerneffekt ist \u00fcberschaubar.\u201c<\/p>\n<p class=\"false\">Ob am Maifeiertag, zu Christi Himmelfahrt (14. Mai), Pfingsten (24.\/25. Mai) oder zwischendurch: Bis zum Fr\u00fchlingsende Mitte Juni bietet der zentrale NABU-Terminkalender bundesweit mehr als 300 Vogelspazierg\u00e4nge an. Dazu kommen zahlreiche Angebote, die auf den Websites der \u00f6rtlichen Gruppen beworben werden. \u201eBesonders vielf\u00e4ltig sind die M\u00f6glichkeiten in den gro\u00dfen Schutzgebieten und Zentren\u201c, erl\u00e4utert R\u00fcmmler \u201eDas reicht von t\u00e4glichen F\u00fchrungen in die Seevogelkolonie Graswarder an der Ostseek\u00fcste bei Heiligenhafen bis zu Federsee und Wollmatinger Ried im tiefsten S\u00fcden. Und wer nicht zu Fu\u00df unterwegs sein m\u00f6chte, kann mancherorts auch per Fahrrad, Kanu oder Ausflugsschiff die Vogelwelt erkunden.\u201c<\/p>\n<p class=\"false\">Veranstaltungs\u00fcbersicht und NABU-Gruppensuche: <a class=\"false\" href=\"https:\/\/presse.nabu.de\/c2\/A2HK4CA\/315471-17059802\/b6d00ed72d53-fa753d3fd7c1-3102207ed56d-90225cc71e57-99c11d507c76-a2dafb5534bc-3ba7be9b848a-4c21e01b2688-6afd44d69632-f238434e38c1-faf81f40\/\">www.NABU.de\/Vogelspaziergang<\/a>.<\/p>\n<p class=\"false\">\u00a0<\/p>\n<p class=\"false\"><strong class=\"false\">Zusatzinformationen:<\/strong><\/p>\n<ul class=\"false\">\n<li class=\"false\">Das bei Kosmos erschienene NABU-Vogelbuch stellt mithilfe von \u00fcber 1000 Fotos 315 heimische Arten vor. Direkt aus dem Buch heraus k\u00f6nnen Vogelstimmenaufnahmen einer App abgespielt werden. Jetzt gibt es den bereits 25.000 mal verkauften Spiegel-Bestseller in einer verbesserten Auflage (272 Seiten, 26 Euro).<\/li>\n<li class=\"false\">Eine gute Gelegenheit, Vogelwissen selbst\u00e4ndig oder mit NABU-Unterst\u00fctzung anzuwenden, bietet die \u201eStunde der Gartenv\u00f6gel\u201c vom 8. bis 10. Mai. Dabei werden zum 22. Mal bundesweit in G\u00e4rten und Parks V\u00f6gel gez\u00e4hlt. Im Vorjahr nahmen 58.000 Menschen teil. Info: <a class=\"false\" href=\"https:\/\/www.nabu.de\/tiere-und-pflanzen\/aktionen-und-projekte\/stunde-der-gartenvoegel\/index.html\">www.stundedergartenvoegel.de<\/a>.<\/li>\n<li class=\"false\">Wer mehr \u00fcber V\u00f6gel erfahren m\u00f6chte, sollte den NABU-Podcast \u201eReingezwitschert\u201c h\u00f6ren. Hosts sind Vogelbuch-Autor Fabian Krawinkel und NABU-Experte Martin R\u00fcmmler. Die 76. Folge vom 30. April stellt neben der Stunde der Gartenv\u00f6gel den \u201eYoung Birders Club\u201c vor. Im Mai wird unter anderem Vogelstimmenimitator Uwe Westphal zu Gast sein: <a class=\"false\" href=\"https:\/\/presse.nabu.de\/c2\/A2HK4CQ\/315471-17059802\/b6d00ed72d53-fa753d3fd7c1-3102207ed56d-90225cc71e57-99c11d507c76-a2dafb5534bc-3ba7be9b848a-4c21e01b2688-6afd44d69632-f238434e38c1-faf81f40\/\">www.NABU.de\/Reingezwitschert<\/a>.<\/li>\n<\/ul>\n<p class=\"false\">Pressefotos: <a class=\"false\" href=\"https:\/\/presse.nabu.de\/c2\/A2HK4CY\/315471-17059802\/b6d00ed72d53-fa753d3fd7c1-3102207ed56d-90225cc71e57-99c11d507c76-a2dafb5534bc-3ba7be9b848a-4c21e01b2688-6afd44d69632-f238434e38c1-faf81f40\/\">www.NABU.de\/Pressebilder_Vogelspaziergang<\/a><\/p>\n<p>\u00a0<\/p>\n<p><strong>F\u00fcr R\u00fcckfragen:<\/strong>\u00a0<br \/>Martin R\u00fcmmler, NABU-Vogelschutzexperte, Tel. 0173-2913449,\u00a0<a class=\"false\" href=\"mailto:Martin.Ruemmler@NABU.de\">Martin.Ruemmler@NABU.de<\/a><\/p>\n<p>\u00a0<\/p>\n<h3>NABU-Stadtverband Aachen e.v.<\/h3>\n<p><strong>Veranstaltung des NABU-Stadtverbandes Aachen:<\/strong>\u00a0<a href=\"https:\/\/www.nabu-aachen.de\/en\/veranstaltung\/exkursion-vogelwelt-rund-um-seffent\/\">Exkursion: Vogelwelt rund um Seffent<\/a><\/p>\n<p><strong>Arbeitskreis Ornithologie NABU-Stadtverband Aachen:<\/strong><\/p>\n<p class=\"p1\">Catherine Rox-Dornberg, <a href=\"mailto:rox-dornberg@gmx.de\">rox-dornberg@gmx.de<\/a><\/p>\n<p class=\"p1\">Alexander Terstegge, <a href=\"mailto:alexander.terstegge@naturschutzstation-aachen.de\">alexander.terstegge@naturschutzstation-aachen.de<\/a><\/p>\n<p class=\"p1\">Dr. Manfred Aletsee, <a href=\"mailto:manfred.aletsee@naturschutzstation-aachen.de\">manfred.aletsee@naturschutzstation-aachen.de<\/a><\/p>\n\n\n<p><\/p>","protected":false},"excerpt":{"rendered":"<p>Natur \/ V\u00f6gel H\u00f6r mal, wer da singt Im Fr\u00fchling gemeinsam mit dem NABU den V\u00f6geln lauschen \/ Hunderte Erlebnis-Spazierg\u00e4nge im Angebot Berlin &#8211; Schon jetzt ist die Luft voller Vogelgezwitscher und jeden Tag&#46;&#46;&#46;<\/p>","protected":false},"author":6,"featured_media":7672,"comment_status":"closed","ping_status":"closed","sticky":false,"template":"","format":"standard","meta":{"_lmt_disableupdate":"","_lmt_disable":"","footnotes":""},"categories":[75,2,50,54],"tags":[],"class_list":["post-7673","post","type-post","status-publish","format-standard","has-post-thumbnail","hentry","category-ak-ornithologie","category-aktuelles","category-biodiversitaet-in-der-ackerlandschaft","category-obstwiesen"],"modified_by":"Ulrich Schwenk","_links":{"self":[{"href":"https:\/\/www.nabu-aachen.de\/en\/wp-json\/wp\/v2\/posts\/7673","targetHints":{"allow":["GET"]}}],"collection":[{"href":"https:\/\/www.nabu-aachen.de\/en\/wp-json\/wp\/v2\/posts"}],"about":[{"href":"https:\/\/www.nabu-aachen.de\/en\/wp-json\/wp\/v2\/types\/post"}],"author":[{"embeddable":true,"href":"https:\/\/www.nabu-aachen.de\/en\/wp-json\/wp\/v2\/users\/6"}],"replies":[{"embeddable":true,"href":"https:\/\/www.nabu-aachen.de\/en\/wp-json\/wp\/v2\/comments?post=7673"}],"version-history":[{"count":3,"href":"https:\/\/www.nabu-aachen.de\/en\/wp-json\/wp\/v2\/posts\/7673\/revisions"}],"predecessor-version":[{"id":7676,"href":"https:\/\/www.nabu-aachen.de\/en\/wp-json\/wp\/v2\/posts\/7673\/revisions\/7676"}],"wp:featuredmedia":[{"embeddable":true,"href":"https:\/\/www.nabu-aachen.de\/en\/wp-json\/wp\/v2\/media\/7672"}],"wp:attachment":[{"href":"https:\/\/www.nabu-aachen.de\/en\/wp-json\/wp\/v2\/media?parent=7673"}],"wp:term":[{"taxonomy":"category","embeddable":true,"href":"https:\/\/www.nabu-aachen.de\/en\/wp-json\/wp\/v2\/categories?post=7673"},{"taxonomy":"post_tag","embeddable":true,"href":"https:\/\/www.nabu-aachen.de\/en\/wp-json\/wp\/v2\/tags?post=7673"}],"curies":[{"name":"wp","href":"https:\/\/api.w.org\/{rel}","templated":true}]}}